{"id":434,"date":"2021-12-14T20:32:58","date_gmt":"2021-12-14T18:32:58","guid":{"rendered":"https:\/\/blog.edu.turku.fi\/tallimaenkentanpk\/?p=434"},"modified":"2021-12-14T20:32:58","modified_gmt":"2021-12-14T18:32:58","slug":"kohti-joulua","status":"publish","type":"post","link":"https:\/\/blog.edu.turku.fi\/tallimaenkentanpk\/2021\/12\/14\/kohti-joulua\/","title":{"rendered":"Kohti joulua&#8230;"},"content":{"rendered":"<p>Joulukuu on ollut erilaisten k\u00e4dent\u00f6iden kulta-aikaa. Kyn\u00e4t, sakset, liima, tarrat ja kimalteet ovat olleet kovassa k\u00e4yt\u00f6ss\u00e4.<img loading=\"lazy\" decoding=\"async\" class=\"aligncenter size-medium wp-image-427\" src=\"https:\/\/blog.edu.turku.fi\/tallimaenkentanpk\/files\/2021\/12\/IMG_0427-300x225.jpg\" alt=\"\" width=\"300\" height=\"225\" srcset=\"https:\/\/blog.edu.turku.fi\/tallimaenkentanpk\/files\/2021\/12\/IMG_0427-300x225.jpg 300w, https:\/\/blog.edu.turku.fi\/tallimaenkentanpk\/files\/2021\/12\/IMG_0427-1024x768.jpg 1024w, https:\/\/blog.edu.turku.fi\/tallimaenkentanpk\/files\/2021\/12\/IMG_0427.jpg 2048w\" sizes=\"auto, (max-width: 300px) 85vw, 300px\" \/><img loading=\"lazy\" decoding=\"async\" class=\"aligncenter size-medium wp-image-424\" src=\"https:\/\/blog.edu.turku.fi\/tallimaenkentanpk\/files\/2021\/12\/IMG_0424-300x225.jpg\" alt=\"\" width=\"300\" height=\"225\" srcset=\"https:\/\/blog.edu.turku.fi\/tallimaenkentanpk\/files\/2021\/12\/IMG_0424-300x225.jpg 300w, https:\/\/blog.edu.turku.fi\/tallimaenkentanpk\/files\/2021\/12\/IMG_0424-1024x768.jpg 1024w, https:\/\/blog.edu.turku.fi\/tallimaenkentanpk\/files\/2021\/12\/IMG_0424.jpg 2048w\" sizes=\"auto, (max-width: 300px) 85vw, 300px\" \/><img loading=\"lazy\" decoding=\"async\" class=\"aligncenter size-medium wp-image-425\" src=\"https:\/\/blog.edu.turku.fi\/tallimaenkentanpk\/files\/2021\/12\/IMG_0425-300x225.jpg\" alt=\"\" width=\"300\" height=\"225\" srcset=\"https:\/\/blog.edu.turku.fi\/tallimaenkentanpk\/files\/2021\/12\/IMG_0425-300x225.jpg 300w, https:\/\/blog.edu.turku.fi\/tallimaenkentanpk\/files\/2021\/12\/IMG_0425-1024x768.jpg 1024w, https:\/\/blog.edu.turku.fi\/tallimaenkentanpk\/files\/2021\/12\/IMG_0425.jpg 2048w\" sizes=\"auto, (max-width: 300px) 85vw, 300px\" \/><\/p>\n","protected":false},"excerpt":{"rendered":"<p>Joulukuu on ollut erilaisten k\u00e4dent\u00f6iden kulta-aikaa. Kyn\u00e4t, sakset, liima, tarrat ja kimalteet ovat olleet kovassa k\u00e4yt\u00f6ss\u00e4.<\/p>\n","protected":false},"author":1614,"featured_media":0,"comment_status":"closed","ping_status":"closed","sticky":false,"template":"","format":"standard","meta":{"footnotes":""},"categories":[4798],"tags":[],"class_list":["post-434","post","type-post","status-publish","format-standard","hentry","category-yleinen"],"_links":{"self":[{"href":"https:\/\/blog.edu.turku.fi\/tallimaenkentanpk\/wp-json\/wp\/v2\/posts\/434","targetHints":{"allow":["GET"]}}],"collection":[{"href":"https:\/\/blog.edu.turku.fi\/tallimaenkentanpk\/wp-json\/wp\/v2\/posts"}],"about":[{"href":"https:\/\/blog.edu.turku.fi\/tallimaenkentanpk\/wp-json\/wp\/v2\/types\/post"}],"author":[{"embeddable":true,"href":"https:\/\/blog.edu.turku.fi\/tallimaenkentanpk\/wp-json\/wp\/v2\/users\/1614"}],"replies":[{"embeddable":true,"href":"https:\/\/blog.edu.turku.fi\/tallimaenkentanpk\/wp-json\/wp\/v2\/comments?post=434"}],"version-history":[{"count":1,"href":"https:\/\/blog.edu.turku.fi\/tallimaenkentanpk\/wp-json\/wp\/v2\/posts\/434\/revisions"}],"predecessor-version":[{"id":435,"href":"https:\/\/blog.edu.turku.fi\/tallimaenkentanpk\/wp-json\/wp\/v2\/posts\/434\/revisions\/435"}],"wp:attachment":[{"href":"https:\/\/blog.edu.turku.fi\/tallimaenkentanpk\/wp-json\/wp\/v2\/media?parent=434"}],"wp:term":[{"taxonomy":"category","embeddable":true,"href":"https:\/\/blog.edu.turku.fi\/tallimaenkentanpk\/wp-json\/wp\/v2\/categories?post=434"},{"taxonomy":"post_tag","embeddable":true,"href":"https:\/\/blog.edu.turku.fi\/tallimaenkentanpk\/wp-json\/wp\/v2\/tags?post=434"}],"curies":[{"name":"wp","href":"https:\/\/api.w.org\/{rel}","templated":true}]}}