{"id":430,"date":"2021-12-14T18:51:40","date_gmt":"2021-12-14T16:51:40","guid":{"rendered":"https:\/\/blog.edu.turku.fi\/tallimaenkentanpk\/?p=430"},"modified":"2021-12-14T18:51:40","modified_gmt":"2021-12-14T16:51:40","slug":"syysmuistoja","status":"publish","type":"post","link":"https:\/\/blog.edu.turku.fi\/tallimaenkentanpk\/2021\/12\/14\/syysmuistoja\/","title":{"rendered":"Syysmuistoja"},"content":{"rendered":"<p>Runsas Pihlajien marjasato inspiroi Villivarsoja tutkimaan Pihlajaa.<img loading=\"lazy\" decoding=\"async\" class=\"aligncenter size-medium wp-image-377\" src=\"https:\/\/blog.edu.turku.fi\/tallimaenkentanpk\/files\/2021\/12\/IMG_0838-1-300x225.jpg\" alt=\"\" width=\"300\" height=\"225\" srcset=\"https:\/\/blog.edu.turku.fi\/tallimaenkentanpk\/files\/2021\/12\/IMG_0838-1-300x225.jpg 300w, https:\/\/blog.edu.turku.fi\/tallimaenkentanpk\/files\/2021\/12\/IMG_0838-1-1024x768.jpg 1024w, https:\/\/blog.edu.turku.fi\/tallimaenkentanpk\/files\/2021\/12\/IMG_0838-1.jpg 2048w\" sizes=\"auto, (max-width: 300px) 85vw, 300px\" \/><\/p>\n<p>Tutkimme Pihlajan marjoja ja lehti\u00e4 ensin manuaalisesti ja sitten suurentavalla easyscope-munalla.<img loading=\"lazy\" decoding=\"async\" class=\"aligncenter size-medium wp-image-380\" src=\"https:\/\/blog.edu.turku.fi\/tallimaenkentanpk\/files\/2021\/12\/IMG_0271-300x225.jpg\" alt=\"\" width=\"300\" height=\"225\" srcset=\"https:\/\/blog.edu.turku.fi\/tallimaenkentanpk\/files\/2021\/12\/IMG_0271-300x225.jpg 300w, https:\/\/blog.edu.turku.fi\/tallimaenkentanpk\/files\/2021\/12\/IMG_0271-1024x768.jpg 1024w, https:\/\/blog.edu.turku.fi\/tallimaenkentanpk\/files\/2021\/12\/IMG_0271.jpg 2048w\" sizes=\"auto, (max-width: 300px) 85vw, 300px\" \/><img loading=\"lazy\" decoding=\"async\" class=\"aligncenter size-medium wp-image-378\" src=\"https:\/\/blog.edu.turku.fi\/tallimaenkentanpk\/files\/2021\/12\/IMG_0839-1-300x225.jpg\" alt=\"\" width=\"300\" height=\"225\" srcset=\"https:\/\/blog.edu.turku.fi\/tallimaenkentanpk\/files\/2021\/12\/IMG_0839-1-300x225.jpg 300w, https:\/\/blog.edu.turku.fi\/tallimaenkentanpk\/files\/2021\/12\/IMG_0839-1-1024x768.jpg 1024w, https:\/\/blog.edu.turku.fi\/tallimaenkentanpk\/files\/2021\/12\/IMG_0839-1.jpg 2048w\" sizes=\"auto, (max-width: 300px) 85vw, 300px\" \/>Halkaistut marjat k\u00e4tkiv\u00e4t siemeni\u00e4 sis\u00e4\u00e4ns\u00e4.<img loading=\"lazy\" decoding=\"async\" class=\"aligncenter size-medium wp-image-374\" src=\"https:\/\/blog.edu.turku.fi\/tallimaenkentanpk\/files\/2021\/12\/IMG_0820-300x225.jpg\" alt=\"\" width=\"300\" height=\"225\" srcset=\"https:\/\/blog.edu.turku.fi\/tallimaenkentanpk\/files\/2021\/12\/IMG_0820-300x225.jpg 300w, https:\/\/blog.edu.turku.fi\/tallimaenkentanpk\/files\/2021\/12\/IMG_0820.jpg 640w\" sizes=\"auto, (max-width: 300px) 85vw, 300px\" \/><img loading=\"lazy\" decoding=\"async\" class=\"aligncenter size-medium wp-image-375\" src=\"https:\/\/blog.edu.turku.fi\/tallimaenkentanpk\/files\/2021\/12\/IMG_0834-300x225.jpg\" alt=\"\" width=\"300\" height=\"225\" srcset=\"https:\/\/blog.edu.turku.fi\/tallimaenkentanpk\/files\/2021\/12\/IMG_0834-300x225.jpg 300w, https:\/\/blog.edu.turku.fi\/tallimaenkentanpk\/files\/2021\/12\/IMG_0834.jpg 640w\" sizes=\"auto, (max-width: 300px) 85vw, 300px\" \/>Lehdist\u00e4 l\u00f6ysimme viruksen, joka n\u00e4ytti&#8230;\u00e4ll\u00f6tt\u00e4v\u00e4lt\u00e4.<img loading=\"lazy\" decoding=\"async\" class=\"aligncenter size-medium wp-image-373\" src=\"https:\/\/blog.edu.turku.fi\/tallimaenkentanpk\/files\/2021\/12\/IMG_0819-300x225.jpg\" alt=\"\" width=\"300\" height=\"225\" srcset=\"https:\/\/blog.edu.turku.fi\/tallimaenkentanpk\/files\/2021\/12\/IMG_0819-300x225.jpg 300w, https:\/\/blog.edu.turku.fi\/tallimaenkentanpk\/files\/2021\/12\/IMG_0819.jpg 640w\" sizes=\"auto, (max-width: 300px) 85vw, 300px\" \/><img loading=\"lazy\" decoding=\"async\" class=\"aligncenter size-medium wp-image-372\" src=\"https:\/\/blog.edu.turku.fi\/tallimaenkentanpk\/files\/2021\/12\/IMG_0818-300x225.jpg\" alt=\"\" width=\"300\" height=\"225\" srcset=\"https:\/\/blog.edu.turku.fi\/tallimaenkentanpk\/files\/2021\/12\/IMG_0818-300x225.jpg 300w, https:\/\/blog.edu.turku.fi\/tallimaenkentanpk\/files\/2021\/12\/IMG_0818.jpg 640w\" sizes=\"auto, (max-width: 300px) 85vw, 300px\" \/>Tutkimusten j\u00e4lkeen taiteilimme kuvat syksyisist\u00e4 Pihlajista. Aloitimme ty\u00f6skentelyn \u00f6ljypastelliliiduilla.<img loading=\"lazy\" decoding=\"async\" class=\"aligncenter size-medium wp-image-383\" src=\"https:\/\/blog.edu.turku.fi\/tallimaenkentanpk\/files\/2021\/12\/IMG_0279-300x225.jpg\" alt=\"\" width=\"300\" height=\"225\" srcset=\"https:\/\/blog.edu.turku.fi\/tallimaenkentanpk\/files\/2021\/12\/IMG_0279-300x225.jpg 300w, https:\/\/blog.edu.turku.fi\/tallimaenkentanpk\/files\/2021\/12\/IMG_0279-1024x768.jpg 1024w, https:\/\/blog.edu.turku.fi\/tallimaenkentanpk\/files\/2021\/12\/IMG_0279.jpg 2048w\" sizes=\"auto, (max-width: 300px) 85vw, 300px\" \/><\/p>\n<p>Jatkoimme teoksia laveeraamalla taustat. Samalla opettelimme laveeraustekniikan.<img loading=\"lazy\" decoding=\"async\" class=\"aligncenter size-medium wp-image-392\" src=\"https:\/\/blog.edu.turku.fi\/tallimaenkentanpk\/files\/2021\/12\/IMG_0329-300x225.jpg\" alt=\"\" width=\"300\" height=\"225\" srcset=\"https:\/\/blog.edu.turku.fi\/tallimaenkentanpk\/files\/2021\/12\/IMG_0329-300x225.jpg 300w, https:\/\/blog.edu.turku.fi\/tallimaenkentanpk\/files\/2021\/12\/IMG_0329-1024x768.jpg 1024w, https:\/\/blog.edu.turku.fi\/tallimaenkentanpk\/files\/2021\/12\/IMG_0329.jpg 2048w\" sizes=\"auto, (max-width: 300px) 85vw, 300px\" \/>Lopuksi pujottelimme marjoista kauniit sein\u00e4koristeet.<\/p>\n<p>Toki my\u00f6s maistoimme marjoja . Eskarilaiset olivat marjoista samaa mielt\u00e4 ketun kanssa &#8221;Happamia!&#8221;<\/p>\n","protected":false},"excerpt":{"rendered":"<p>Runsas Pihlajien marjasato inspiroi Villivarsoja tutkimaan Pihlajaa. Tutkimme Pihlajan marjoja ja lehti\u00e4 ensin manuaalisesti ja sitten suurentavalla easyscope-munalla.Halkaistut marjat k\u00e4tkiv\u00e4t siemeni\u00e4 sis\u00e4\u00e4ns\u00e4.Lehdist\u00e4 l\u00f6ysimme viruksen, joka n\u00e4ytti&#8230;\u00e4ll\u00f6tt\u00e4v\u00e4lt\u00e4.Tutkimusten j\u00e4lkeen taiteilimme kuvat syksyisist\u00e4 Pihlajista. Aloitimme ty\u00f6skentelyn \u00f6ljypastelliliiduilla. Jatkoimme teoksia laveeraamalla taustat. Samalla opettelimme laveeraustekniikan.Lopuksi pujottelimme marjoista kauniit sein\u00e4koristeet. Toki my\u00f6s maistoimme marjoja . Eskarilaiset olivat marjoista samaa mielt\u00e4 &hellip; <a href=\"https:\/\/blog.edu.turku.fi\/tallimaenkentanpk\/2021\/12\/14\/syysmuistoja\/\" class=\"more-link\">Jatka lukemista<span class=\"screen-reader-text\"> &#8221;Syysmuistoja&#8221;<\/span><\/a><\/p>\n","protected":false},"author":1614,"featured_media":0,"comment_status":"closed","ping_status":"closed","sticky":false,"template":"","format":"standard","meta":{"footnotes":""},"categories":[4798],"tags":[],"class_list":["post-430","post","type-post","status-publish","format-standard","hentry","category-yleinen"],"_links":{"self":[{"href":"https:\/\/blog.edu.turku.fi\/tallimaenkentanpk\/wp-json\/wp\/v2\/posts\/430","targetHints":{"allow":["GET"]}}],"collection":[{"href":"https:\/\/blog.edu.turku.fi\/tallimaenkentanpk\/wp-json\/wp\/v2\/posts"}],"about":[{"href":"https:\/\/blog.edu.turku.fi\/tallimaenkentanpk\/wp-json\/wp\/v2\/types\/post"}],"author":[{"embeddable":true,"href":"https:\/\/blog.edu.turku.fi\/tallimaenkentanpk\/wp-json\/wp\/v2\/users\/1614"}],"replies":[{"embeddable":true,"href":"https:\/\/blog.edu.turku.fi\/tallimaenkentanpk\/wp-json\/wp\/v2\/comments?post=430"}],"version-history":[{"count":1,"href":"https:\/\/blog.edu.turku.fi\/tallimaenkentanpk\/wp-json\/wp\/v2\/posts\/430\/revisions"}],"predecessor-version":[{"id":431,"href":"https:\/\/blog.edu.turku.fi\/tallimaenkentanpk\/wp-json\/wp\/v2\/posts\/430\/revisions\/431"}],"wp:attachment":[{"href":"https:\/\/blog.edu.turku.fi\/tallimaenkentanpk\/wp-json\/wp\/v2\/media?parent=430"}],"wp:term":[{"taxonomy":"category","embeddable":true,"href":"https:\/\/blog.edu.turku.fi\/tallimaenkentanpk\/wp-json\/wp\/v2\/categories?post=430"},{"taxonomy":"post_tag","embeddable":true,"href":"https:\/\/blog.edu.turku.fi\/tallimaenkentanpk\/wp-json\/wp\/v2\/tags?post=430"}],"curies":[{"name":"wp","href":"https:\/\/api.w.org\/{rel}","templated":true}]}}