{"id":349,"date":"2021-06-09T14:38:58","date_gmt":"2021-06-09T11:38:58","guid":{"rendered":"https:\/\/blog.edu.turku.fi\/tallimaenkentanpk\/?p=349"},"modified":"2021-06-09T14:38:58","modified_gmt":"2021-06-09T11:38:58","slug":"villivarsojen-eskareiden-kevatnayttely-2021","status":"publish","type":"post","link":"https:\/\/blog.edu.turku.fi\/tallimaenkentanpk\/2021\/06\/09\/villivarsojen-eskareiden-kevatnayttely-2021\/","title":{"rendered":"Villivarsojen eskareiden kev\u00e4tn\u00e4yttely 2021"},"content":{"rendered":"<p>Koronarajoitteiden vuoksi emme pystyneet pit\u00e4m\u00e4\u00e4n kev\u00e4tjuhlia, joten p\u00e4\u00e4timme pit\u00e4\u00e4 taiden\u00e4yttelyn . Lapset valmistivat n\u00e4yttelyn teosluettelon, valitsivat ty\u00f6t n\u00e4yttelyyn, kirjoittivat otsikot teoksiin ja valmistautuivat kertomaan vanhemmille eri t\u00f6ist\u00e4. N\u00e4in syntyi VILLIVARSOJEN RETROSPEKTIIVINEN N\u00c4YTTELY.<\/p>\n<p><a href=\"https:\/\/blog.edu.turku.fi\/portsanphy\/files\/2021\/06\/IMG_0173.jpg\"><img loading=\"lazy\" decoding=\"async\" class=\"aligncenter size-medium wp-image-1064\" src=\"https:\/\/blog.edu.turku.fi\/portsanphy\/files\/2021\/06\/IMG_0173-223x300.jpg\" alt=\"\" width=\"223\" height=\"300\" \/><\/a><\/p>\n<p>Helmikuussa tutustuimme Kalevalan tarinoihin. Opettelimme pastellis\u00e4vyjen tekemist\u00e4 vesiv\u00e4reill\u00e4 ja maalasimme MAAILMAN SYNNYN Kalevalan tarinan mukaisesti.<a href=\"https:\/\/blog.edu.turku.fi\/portsanphy\/files\/2021\/06\/IMG_0165.jpg\"><img loading=\"lazy\" decoding=\"async\" class=\"aligncenter size-medium wp-image-1056\" src=\"https:\/\/blog.edu.turku.fi\/portsanphy\/files\/2021\/06\/IMG_0165-300x126.jpg\" alt=\"\" width=\"300\" height=\"126\" \/><\/a>Perinnek\u00e4sit\u00f6ihin tutustuimme kirjomalla vohvelikankaalle kirjanmerkit.<\/p>\n<p><a href=\"https:\/\/blog.edu.turku.fi\/portsanphy\/files\/2021\/06\/IMG_0171.jpg\"><img loading=\"lazy\" decoding=\"async\" class=\"aligncenter size-medium wp-image-1062\" src=\"https:\/\/blog.edu.turku.fi\/portsanphy\/files\/2021\/06\/IMG_0171-214x300.jpg\" alt=\"\" width=\"214\" height=\"300\" \/><\/a><\/p>\n<p><a href=\"https:\/\/blog.edu.turku.fi\/portsanphy\/files\/2021\/06\/IMG_0163.jpg\"><img loading=\"lazy\" decoding=\"async\" class=\"aligncenter size-medium wp-image-1054\" src=\"https:\/\/blog.edu.turku.fi\/portsanphy\/files\/2021\/06\/IMG_0163-300x186.jpg\" alt=\"\" width=\"300\" height=\"186\" \/><\/a><\/p>\n<p>VOIMAT\u00c4HDET punottiin eriv\u00e4risill\u00e4 langoilla m\u00e4nnyn oksiin. Jokainen eriv\u00e4rinen lanka kuvasti eskarilaisen valitsemaa vahvuutta itsess\u00e4\u00e4n.<a href=\"https:\/\/blog.edu.turku.fi\/portsanphy\/files\/2021\/06\/IMG_0172.jpg\"><img loading=\"lazy\" decoding=\"async\" class=\"aligncenter size-medium wp-image-1063\" src=\"https:\/\/blog.edu.turku.fi\/portsanphy\/files\/2021\/06\/IMG_0172-217x300.jpg\" alt=\"\" width=\"217\" height=\"300\" \/><\/a><\/p>\n<p>MUOTOKUVA n maalaus oli pitk\u00e4 projekti ja sen matkassa tutustuttiin muotokuviin, ihmisen kasvojen osiin , hiuksiin ja muotokuvan taustaan. Projektissa harjoittelimme sekoittamaan erilaisia s\u00e4vyj\u00e4 vesiv\u00e4reill\u00e4.<\/p>\n<p><a href=\"https:\/\/blog.edu.turku.fi\/portsanphy\/files\/2021\/06\/IMG_0166.jpg\"><img loading=\"lazy\" decoding=\"async\" class=\"aligncenter size-medium wp-image-1057\" src=\"https:\/\/blog.edu.turku.fi\/portsanphy\/files\/2021\/06\/IMG_0166-300x225.jpg\" alt=\"\" width=\"300\" height=\"225\" \/><\/a><a href=\"https:\/\/blog.edu.turku.fi\/portsanphy\/files\/2021\/06\/IMG_0167.jpg\"><img loading=\"lazy\" decoding=\"async\" class=\"aligncenter size-medium wp-image-1058\" src=\"https:\/\/blog.edu.turku.fi\/portsanphy\/files\/2021\/06\/IMG_0167-300x225.jpg\" alt=\"\" width=\"300\" height=\"225\" \/><\/a><a href=\"https:\/\/blog.edu.turku.fi\/portsanphy\/files\/2021\/06\/IMG_0168.jpg\"><img loading=\"lazy\" decoding=\"async\" class=\"aligncenter size-medium wp-image-1059\" src=\"https:\/\/blog.edu.turku.fi\/portsanphy\/files\/2021\/06\/IMG_0168-300x225.jpg\" alt=\"\" width=\"300\" height=\"225\" \/><\/a><\/p>\n<p>Hiilenk\u00e4ytt\u00f6\u00f6n kuvallisessa ilmaisussa tutustuimme hiility\u00f6ss\u00e4 KISSA.<a href=\"https:\/\/blog.edu.turku.fi\/portsanphy\/files\/2021\/06\/IMG_0169.jpg\"><img loading=\"lazy\" decoding=\"async\" class=\"aligncenter size-medium wp-image-1060\" src=\"https:\/\/blog.edu.turku.fi\/portsanphy\/files\/2021\/06\/IMG_0169-300x250.jpg\" alt=\"\" width=\"300\" height=\"250\" \/><\/a><\/p>\n<p>OMA SATU\/TARINA kertoen ja kuvittaen. Ty\u00f6skentelymateriaalina olivat puuv\u00e4rit.<a href=\"https:\/\/blog.edu.turku.fi\/portsanphy\/files\/2021\/06\/IMG_0170.jpg\"><img loading=\"lazy\" decoding=\"async\" class=\"aligncenter size-medium wp-image-1061\" src=\"https:\/\/blog.edu.turku.fi\/portsanphy\/files\/2021\/06\/IMG_0170-300x231.jpg\" alt=\"\" width=\"300\" height=\"231\" \/><\/a><\/p>\n<p>Kiitos eskaritaiteilijoille mahtavasta n\u00e4yttelyst\u00e4. Kiitos vanhemmille aktiivisesta osallistumisesta n\u00e4yttelyyn.<\/p>\n<p>&nbsp;<\/p>\n","protected":false},"excerpt":{"rendered":"<p>Koronarajoitteiden vuoksi emme pystyneet pit\u00e4m\u00e4\u00e4n kev\u00e4tjuhlia, joten p\u00e4\u00e4timme pit\u00e4\u00e4 taiden\u00e4yttelyn . Lapset valmistivat n\u00e4yttelyn teosluettelon, valitsivat ty\u00f6t n\u00e4yttelyyn, kirjoittivat otsikot teoksiin ja valmistautuivat kertomaan vanhemmille eri t\u00f6ist\u00e4. N\u00e4in syntyi VILLIVARSOJEN RETROSPEKTIIVINEN N\u00c4YTTELY. Helmikuussa tutustuimme Kalevalan tarinoihin. Opettelimme pastellis\u00e4vyjen tekemist\u00e4 vesiv\u00e4reill\u00e4 ja maalasimme MAAILMAN SYNNYN Kalevalan tarinan mukaisesti.Perinnek\u00e4sit\u00f6ihin tutustuimme kirjomalla vohvelikankaalle kirjanmerkit. VOIMAT\u00c4HDET punottiin eriv\u00e4risill\u00e4 langoilla &hellip; <a href=\"https:\/\/blog.edu.turku.fi\/tallimaenkentanpk\/2021\/06\/09\/villivarsojen-eskareiden-kevatnayttely-2021\/\" class=\"more-link\">Jatka lukemista<span class=\"screen-reader-text\"> &#8221;Villivarsojen eskareiden kev\u00e4tn\u00e4yttely 2021&#8221;<\/span><\/a><\/p>\n","protected":false},"author":1614,"featured_media":0,"comment_status":"closed","ping_status":"closed","sticky":false,"template":"","format":"standard","meta":{"footnotes":""},"categories":[4798],"tags":[],"class_list":["post-349","post","type-post","status-publish","format-standard","hentry","category-yleinen"],"_links":{"self":[{"href":"https:\/\/blog.edu.turku.fi\/tallimaenkentanpk\/wp-json\/wp\/v2\/posts\/349","targetHints":{"allow":["GET"]}}],"collection":[{"href":"https:\/\/blog.edu.turku.fi\/tallimaenkentanpk\/wp-json\/wp\/v2\/posts"}],"about":[{"href":"https:\/\/blog.edu.turku.fi\/tallimaenkentanpk\/wp-json\/wp\/v2\/types\/post"}],"author":[{"embeddable":true,"href":"https:\/\/blog.edu.turku.fi\/tallimaenkentanpk\/wp-json\/wp\/v2\/users\/1614"}],"replies":[{"embeddable":true,"href":"https:\/\/blog.edu.turku.fi\/tallimaenkentanpk\/wp-json\/wp\/v2\/comments?post=349"}],"version-history":[{"count":1,"href":"https:\/\/blog.edu.turku.fi\/tallimaenkentanpk\/wp-json\/wp\/v2\/posts\/349\/revisions"}],"predecessor-version":[{"id":350,"href":"https:\/\/blog.edu.turku.fi\/tallimaenkentanpk\/wp-json\/wp\/v2\/posts\/349\/revisions\/350"}],"wp:attachment":[{"href":"https:\/\/blog.edu.turku.fi\/tallimaenkentanpk\/wp-json\/wp\/v2\/media?parent=349"}],"wp:term":[{"taxonomy":"category","embeddable":true,"href":"https:\/\/blog.edu.turku.fi\/tallimaenkentanpk\/wp-json\/wp\/v2\/categories?post=349"},{"taxonomy":"post_tag","embeddable":true,"href":"https:\/\/blog.edu.turku.fi\/tallimaenkentanpk\/wp-json\/wp\/v2\/tags?post=349"}],"curies":[{"name":"wp","href":"https:\/\/api.w.org\/{rel}","templated":true}]}}