{"id":192,"date":"2020-03-20T13:13:38","date_gmt":"2020-03-20T11:13:38","guid":{"rendered":"https:\/\/blog.edu.turku.fi\/tallimaenkentanpk\/?p=192"},"modified":"2020-03-20T13:13:38","modified_gmt":"2020-03-20T11:13:38","slug":"paavarit-ja-valivarit-tutkimalla","status":"publish","type":"post","link":"https:\/\/blog.edu.turku.fi\/tallimaenkentanpk\/2020\/03\/20\/paavarit-ja-valivarit-tutkimalla\/","title":{"rendered":"P\u00e4\u00e4v\u00e4rit ja v\u00e4liv\u00e4rit tutkimalla"},"content":{"rendered":"<p>P\u00c4\u00c4V\u00c4RIT JA V\u00c4LIV\u00c4RIT<\/p>\n<p>Villivarsoissa tutkittiin v\u00e4rillisill\u00e4 nesteill\u00e4 v\u00e4liv\u00e4rien syntymist\u00e4. Sekoitettiin oranssi, vihre\u00e4 ja violetti. Se oli melkein kuin taikuutta !<\/p>\n<p>Lopuksi vesiv\u00e4reill\u00e4 maalattiin omat matot, joissa on kaikkia v\u00e4liv\u00e4rej\u00e4. Maalatessa opeteltiin vesiv\u00e4rien k\u00e4ytt\u00f6tekniikkaa.<\/p>\n<p><img loading=\"lazy\" decoding=\"async\" class=\"aligncenter size-medium wp-image-173\" src=\"https:\/\/blog.edu.turku.fi\/tallimaenkentanpk\/files\/2020\/03\/IMG_E0271-300x103.jpg\" alt=\"\" width=\"300\" height=\"103\" srcset=\"https:\/\/blog.edu.turku.fi\/tallimaenkentanpk\/files\/2020\/03\/IMG_E0271-300x103.jpg 300w, https:\/\/blog.edu.turku.fi\/tallimaenkentanpk\/files\/2020\/03\/IMG_E0271-1024x351.jpg 1024w, https:\/\/blog.edu.turku.fi\/tallimaenkentanpk\/files\/2020\/03\/IMG_E0271.jpg 2048w\" sizes=\"auto, (max-width: 300px) 85vw, 300px\" \/><img loading=\"lazy\" decoding=\"async\" class=\"aligncenter size-medium wp-image-174\" src=\"https:\/\/blog.edu.turku.fi\/tallimaenkentanpk\/files\/2020\/03\/IMG_E0273-300x203.jpg\" alt=\"\" width=\"300\" height=\"203\" srcset=\"https:\/\/blog.edu.turku.fi\/tallimaenkentanpk\/files\/2020\/03\/IMG_E0273-300x203.jpg 300w, https:\/\/blog.edu.turku.fi\/tallimaenkentanpk\/files\/2020\/03\/IMG_E0273-1024x695.jpg 1024w, https:\/\/blog.edu.turku.fi\/tallimaenkentanpk\/files\/2020\/03\/IMG_E0273.jpg 2048w\" sizes=\"auto, (max-width: 300px) 85vw, 300px\" \/><\/p>\n","protected":false},"excerpt":{"rendered":"<p>P\u00c4\u00c4V\u00c4RIT JA V\u00c4LIV\u00c4RIT Villivarsoissa tutkittiin v\u00e4rillisill\u00e4 nesteill\u00e4 v\u00e4liv\u00e4rien syntymist\u00e4. Sekoitettiin oranssi, vihre\u00e4 ja violetti. Se oli melkein kuin taikuutta ! Lopuksi vesiv\u00e4reill\u00e4 maalattiin omat matot, joissa on kaikkia v\u00e4liv\u00e4rej\u00e4. Maalatessa opeteltiin vesiv\u00e4rien k\u00e4ytt\u00f6tekniikkaa.<\/p>\n","protected":false},"author":1614,"featured_media":0,"comment_status":"closed","ping_status":"closed","sticky":false,"template":"","format":"standard","meta":{"footnotes":""},"categories":[4798],"tags":[],"class_list":["post-192","post","type-post","status-publish","format-standard","hentry","category-yleinen"],"_links":{"self":[{"href":"https:\/\/blog.edu.turku.fi\/tallimaenkentanpk\/wp-json\/wp\/v2\/posts\/192","targetHints":{"allow":["GET"]}}],"collection":[{"href":"https:\/\/blog.edu.turku.fi\/tallimaenkentanpk\/wp-json\/wp\/v2\/posts"}],"about":[{"href":"https:\/\/blog.edu.turku.fi\/tallimaenkentanpk\/wp-json\/wp\/v2\/types\/post"}],"author":[{"embeddable":true,"href":"https:\/\/blog.edu.turku.fi\/tallimaenkentanpk\/wp-json\/wp\/v2\/users\/1614"}],"replies":[{"embeddable":true,"href":"https:\/\/blog.edu.turku.fi\/tallimaenkentanpk\/wp-json\/wp\/v2\/comments?post=192"}],"version-history":[{"count":1,"href":"https:\/\/blog.edu.turku.fi\/tallimaenkentanpk\/wp-json\/wp\/v2\/posts\/192\/revisions"}],"predecessor-version":[{"id":193,"href":"https:\/\/blog.edu.turku.fi\/tallimaenkentanpk\/wp-json\/wp\/v2\/posts\/192\/revisions\/193"}],"wp:attachment":[{"href":"https:\/\/blog.edu.turku.fi\/tallimaenkentanpk\/wp-json\/wp\/v2\/media?parent=192"}],"wp:term":[{"taxonomy":"category","embeddable":true,"href":"https:\/\/blog.edu.turku.fi\/tallimaenkentanpk\/wp-json\/wp\/v2\/categories?post=192"},{"taxonomy":"post_tag","embeddable":true,"href":"https:\/\/blog.edu.turku.fi\/tallimaenkentanpk\/wp-json\/wp\/v2\/tags?post=192"}],"curies":[{"name":"wp","href":"https:\/\/api.w.org\/{rel}","templated":true}]}}