{"id":186,"date":"2020-03-19T14:55:10","date_gmt":"2020-03-19T12:55:10","guid":{"rendered":"https:\/\/blog.edu.turku.fi\/tallimaenkentanpk\/?p=186"},"modified":"2020-03-19T14:55:10","modified_gmt":"2020-03-19T12:55:10","slug":"sanomalehtiviikot-villivarsoissa","status":"publish","type":"post","link":"https:\/\/blog.edu.turku.fi\/tallimaenkentanpk\/2020\/03\/19\/sanomalehtiviikot-villivarsoissa\/","title":{"rendered":"Sanomalehtiviikot Villivarsoissa"},"content":{"rendered":"<p>Villivarsat aloittivat sanomalehtiviikot kertomalla omia mietteit\u00e4\u00e4n sanomalehdest\u00e4. Teimme miellekartan lasten kommenteista.<\/p>\n<figure id=\"attachment_178\" aria-describedby=\"caption-attachment-178\" style=\"width: 194px\" class=\"wp-caption aligncenter\"><img loading=\"lazy\" decoding=\"async\" class=\"size-medium wp-image-178\" src=\"https:\/\/blog.edu.turku.fi\/tallimaenkentanpk\/files\/2020\/03\/mind-map2-194x300.jpg\" alt=\"\" width=\"194\" height=\"300\" srcset=\"https:\/\/blog.edu.turku.fi\/tallimaenkentanpk\/files\/2020\/03\/mind-map2-194x300.jpg 194w, https:\/\/blog.edu.turku.fi\/tallimaenkentanpk\/files\/2020\/03\/mind-map2-664x1024.jpg 664w, https:\/\/blog.edu.turku.fi\/tallimaenkentanpk\/files\/2020\/03\/mind-map2.jpg 1327w\" sizes=\"auto, (max-width: 194px) 85vw, 194px\" \/><figcaption id=\"caption-attachment-178\" class=\"wp-caption-text\">Miellekartta sanomalehdest\u00e4<\/figcaption><\/figure>\n<p>Seuraavaksi tutkittiin pareittain Turun Sanomia ( kiitos Turun Sanomille lehtilahjoituksesta). Mit\u00e4 kaikkea lehdest\u00e4 l\u00f6ytyy ?<\/p>\n<figure id=\"attachment_181\" aria-describedby=\"caption-attachment-181\" style=\"width: 300px\" class=\"wp-caption aligncenter\"><img loading=\"lazy\" decoding=\"async\" class=\"size-medium wp-image-181\" src=\"https:\/\/blog.edu.turku.fi\/tallimaenkentanpk\/files\/2020\/03\/sanomalehti2-300x149.jpg\" alt=\"\" width=\"300\" height=\"149\" srcset=\"https:\/\/blog.edu.turku.fi\/tallimaenkentanpk\/files\/2020\/03\/sanomalehti2-300x149.jpg 300w, https:\/\/blog.edu.turku.fi\/tallimaenkentanpk\/files\/2020\/03\/sanomalehti2-1024x510.jpg 1024w, https:\/\/blog.edu.turku.fi\/tallimaenkentanpk\/files\/2020\/03\/sanomalehti2.jpg 2048w\" sizes=\"auto, (max-width: 300px) 85vw, 300px\" \/><figcaption id=\"caption-attachment-181\" class=\"wp-caption-text\">Lehdest\u00e4 l\u00f6ytyi monia mielenkiintoisia asioita.<\/figcaption><\/figure>\n<p>Sanomalehden monipuolisesta jatkok\u00e4yt\u00f6st\u00e4 juteltiin yhdess\u00e4 . Lehdist\u00e4 tehtiin mailat ja palloja , joita k\u00e4ytettiin liikunnassa.<\/p>\n<figure id=\"attachment_177\" aria-describedby=\"caption-attachment-177\" style=\"width: 300px\" class=\"wp-caption aligncenter\"><img loading=\"lazy\" decoding=\"async\" class=\"size-medium wp-image-177\" src=\"https:\/\/blog.edu.turku.fi\/tallimaenkentanpk\/files\/2020\/03\/lehtijumppa-300x173.jpg\" alt=\"\" width=\"300\" height=\"173\" srcset=\"https:\/\/blog.edu.turku.fi\/tallimaenkentanpk\/files\/2020\/03\/lehtijumppa-300x173.jpg 300w, https:\/\/blog.edu.turku.fi\/tallimaenkentanpk\/files\/2020\/03\/lehtijumppa-1024x591.jpg 1024w, https:\/\/blog.edu.turku.fi\/tallimaenkentanpk\/files\/2020\/03\/lehtijumppa.jpg 2048w\" sizes=\"auto, (max-width: 300px) 85vw, 300px\" \/><figcaption id=\"caption-attachment-177\" class=\"wp-caption-text\">&#8221;Pid\u00e4 puolesi puhtaana&#8221; liikuntaleikki oli lapsista TOSI KIVA.<\/figcaption><\/figure>\n<p>Tutustuimme t\u00e4ll\u00e4 viikolla T-kirjaimeen. Etsimme sanomalehdist\u00e4 aakkosvihkoon erilaisia sanoja, joissa oli T-kirjain.<\/p>\n<figure id=\"attachment_157\" aria-describedby=\"caption-attachment-157\" style=\"width: 300px\" class=\"wp-caption aligncenter\"><img loading=\"lazy\" decoding=\"async\" class=\"size-medium wp-image-157\" src=\"https:\/\/blog.edu.turku.fi\/tallimaenkentanpk\/files\/2020\/03\/IMG_0140-300x225.jpg\" alt=\"\" width=\"300\" height=\"225\" srcset=\"https:\/\/blog.edu.turku.fi\/tallimaenkentanpk\/files\/2020\/03\/IMG_0140-300x225.jpg 300w, https:\/\/blog.edu.turku.fi\/tallimaenkentanpk\/files\/2020\/03\/IMG_0140-1024x768.jpg 1024w, https:\/\/blog.edu.turku.fi\/tallimaenkentanpk\/files\/2020\/03\/IMG_0140.jpg 2048w\" sizes=\"auto, (max-width: 300px) 85vw, 300px\" \/><figcaption id=\"caption-attachment-157\" class=\"wp-caption-text\">Ty\u00f6skentely vaati tarkkaa huomiointia ja sujuvaa saksien ja liiman k\u00e4ytt\u00f6\u00e4.<\/figcaption><\/figure>\n<p><img loading=\"lazy\" decoding=\"async\" class=\"aligncenter size-medium wp-image-158\" src=\"https:\/\/blog.edu.turku.fi\/tallimaenkentanpk\/files\/2020\/03\/IMG_0142-300x225.jpg\" alt=\"\" width=\"300\" height=\"225\" srcset=\"https:\/\/blog.edu.turku.fi\/tallimaenkentanpk\/files\/2020\/03\/IMG_0142-300x225.jpg 300w, https:\/\/blog.edu.turku.fi\/tallimaenkentanpk\/files\/2020\/03\/IMG_0142-1024x768.jpg 1024w, https:\/\/blog.edu.turku.fi\/tallimaenkentanpk\/files\/2020\/03\/IMG_0142.jpg 2048w\" sizes=\"auto, (max-width: 300px) 85vw, 300px\" \/>Villivarsat p\u00e4\u00e4ttiv\u00e4t my\u00f6s tehd\u00e4 oman lehden. Lehden toimittamista varten pohdittiin ryhm\u00e4n omaan lehteen tulevia asioita. Pohdinnassa oli taas apuna miellekartta.<\/p>\n<figure id=\"attachment_155\" aria-describedby=\"caption-attachment-155\" style=\"width: 225px\" class=\"wp-caption aligncenter\"><img loading=\"lazy\" decoding=\"async\" class=\"size-medium wp-image-155\" src=\"https:\/\/blog.edu.turku.fi\/tallimaenkentanpk\/files\/2020\/03\/IMG_0137-225x300.jpg\" alt=\"\" width=\"225\" height=\"300\" srcset=\"https:\/\/blog.edu.turku.fi\/tallimaenkentanpk\/files\/2020\/03\/IMG_0137-225x300.jpg 225w, https:\/\/blog.edu.turku.fi\/tallimaenkentanpk\/files\/2020\/03\/IMG_0137-768x1024.jpg 768w, https:\/\/blog.edu.turku.fi\/tallimaenkentanpk\/files\/2020\/03\/IMG_0137.jpg 1536w\" sizes=\"auto, (max-width: 225px) 85vw, 225px\" \/><figcaption id=\"caption-attachment-155\" class=\"wp-caption-text\">Oman lehden suunnitelma.<\/figcaption><\/figure>\n<p>Toimimme lehte\u00e4 tehdess\u00e4mme miniryhmiss\u00e4. Miniryhm\u00e4t kokosivat lehteen erilaisia asioita.<\/p>\n<figure id=\"attachment_160\" aria-describedby=\"caption-attachment-160\" style=\"width: 225px\" class=\"wp-caption aligncenter\"><img loading=\"lazy\" decoding=\"async\" class=\"size-medium wp-image-160\" src=\"https:\/\/blog.edu.turku.fi\/tallimaenkentanpk\/files\/2020\/03\/IMG_0160-225x300.jpg\" alt=\"\" width=\"225\" height=\"300\" srcset=\"https:\/\/blog.edu.turku.fi\/tallimaenkentanpk\/files\/2020\/03\/IMG_0160-225x300.jpg 225w, https:\/\/blog.edu.turku.fi\/tallimaenkentanpk\/files\/2020\/03\/IMG_0160-768x1024.jpg 768w, https:\/\/blog.edu.turku.fi\/tallimaenkentanpk\/files\/2020\/03\/IMG_0160.jpg 1536w\" sizes=\"auto, (max-width: 225px) 85vw, 225px\" \/><figcaption id=\"caption-attachment-160\" class=\"wp-caption-text\">Lapset jatkoivat sanomalehtikuvaa piirt\u00e4m\u00e4ll\u00e4 ja keksim\u00e4ll\u00e4 itse kuvaan sopivan uutisen.<\/figcaption><\/figure>\n<p>Toimittajat kierteliv\u00e4t haastattelemassa p\u00e4iv\u00e4kodin aikuisia ja lapsia . He ker\u00e4siv\u00e4t mielipiteit\u00e4 valitsemistaan asioista.<\/p>\n<figure id=\"attachment_176\" aria-describedby=\"caption-attachment-176\" style=\"width: 282px\" class=\"wp-caption aligncenter\"><img loading=\"lazy\" decoding=\"async\" class=\"size-medium wp-image-176\" src=\"https:\/\/blog.edu.turku.fi\/tallimaenkentanpk\/files\/2020\/03\/IMG_E0277-282x300.jpg\" alt=\"\" width=\"282\" height=\"300\" srcset=\"https:\/\/blog.edu.turku.fi\/tallimaenkentanpk\/files\/2020\/03\/IMG_E0277-282x300.jpg 282w, https:\/\/blog.edu.turku.fi\/tallimaenkentanpk\/files\/2020\/03\/IMG_E0277-963x1024.jpg 963w, https:\/\/blog.edu.turku.fi\/tallimaenkentanpk\/files\/2020\/03\/IMG_E0277.jpg 1925w\" sizes=\"auto, (max-width: 282px) 85vw, 282px\" \/><figcaption id=\"caption-attachment-176\" class=\"wp-caption-text\">Haaastattelulomakkeita.<\/figcaption><\/figure>\n<p>Pid\u00e4tk\u00f6 kirpeist\u00e4 vai makeista tikkareista ? Pid\u00e4tk\u00f6 kilpikonnasta vai kotkasta ? Pid\u00e4tk\u00f6 aurinkoisesta, r\u00e4nt\u00e4sateisesta vai lumisateisesta ilmasta ?Pid\u00e4tk\u00f6 suklaasta vai kettukarkista ? Pid\u00e4tk\u00f6 valaasta vai mustekalasta ? Pid\u00e4tk\u00f6 mansikka-omena vai vadelmahillosta ? Pid\u00e4tk\u00f6 suklaapalloista, lakritsista vai matokarkeista ?<\/p>\n<p>Lehti on saanut hyvi\u00e4 nimiehdotuksia mm. Megasanomat, T\u00e4n ryhm\u00e4n lehti ja Villivarsojen ikioma paras lehti. \u00c4\u00e4nestyst\u00e4 lehden nimest\u00e4 ei ole viel\u00e4 pidetty. Tavoitteena on lehden ilmestyminen digitaalisena ja paperisena kev\u00e4\u00e4n aikana.<\/p>\n","protected":false},"excerpt":{"rendered":"<p>Villivarsat aloittivat sanomalehtiviikot kertomalla omia mietteit\u00e4\u00e4n sanomalehdest\u00e4. Teimme miellekartan lasten kommenteista. Seuraavaksi tutkittiin pareittain Turun Sanomia ( kiitos Turun Sanomille lehtilahjoituksesta). Mit\u00e4 kaikkea lehdest\u00e4 l\u00f6ytyy ? Sanomalehden monipuolisesta jatkok\u00e4yt\u00f6st\u00e4 juteltiin yhdess\u00e4 . Lehdist\u00e4 tehtiin mailat ja palloja , joita k\u00e4ytettiin liikunnassa. Tutustuimme t\u00e4ll\u00e4 viikolla T-kirjaimeen. Etsimme sanomalehdist\u00e4 aakkosvihkoon erilaisia sanoja, joissa oli T-kirjain. Villivarsat p\u00e4\u00e4ttiv\u00e4t &hellip; <a href=\"https:\/\/blog.edu.turku.fi\/tallimaenkentanpk\/2020\/03\/19\/sanomalehtiviikot-villivarsoissa\/\" class=\"more-link\">Jatka lukemista<span class=\"screen-reader-text\"> &#8221;Sanomalehtiviikot Villivarsoissa&#8221;<\/span><\/a><\/p>\n","protected":false},"author":1614,"featured_media":0,"comment_status":"closed","ping_status":"closed","sticky":false,"template":"","format":"standard","meta":{"footnotes":""},"categories":[4798],"tags":[],"class_list":["post-186","post","type-post","status-publish","format-standard","hentry","category-yleinen"],"_links":{"self":[{"href":"https:\/\/blog.edu.turku.fi\/tallimaenkentanpk\/wp-json\/wp\/v2\/posts\/186","targetHints":{"allow":["GET"]}}],"collection":[{"href":"https:\/\/blog.edu.turku.fi\/tallimaenkentanpk\/wp-json\/wp\/v2\/posts"}],"about":[{"href":"https:\/\/blog.edu.turku.fi\/tallimaenkentanpk\/wp-json\/wp\/v2\/types\/post"}],"author":[{"embeddable":true,"href":"https:\/\/blog.edu.turku.fi\/tallimaenkentanpk\/wp-json\/wp\/v2\/users\/1614"}],"replies":[{"embeddable":true,"href":"https:\/\/blog.edu.turku.fi\/tallimaenkentanpk\/wp-json\/wp\/v2\/comments?post=186"}],"version-history":[{"count":1,"href":"https:\/\/blog.edu.turku.fi\/tallimaenkentanpk\/wp-json\/wp\/v2\/posts\/186\/revisions"}],"predecessor-version":[{"id":187,"href":"https:\/\/blog.edu.turku.fi\/tallimaenkentanpk\/wp-json\/wp\/v2\/posts\/186\/revisions\/187"}],"wp:attachment":[{"href":"https:\/\/blog.edu.turku.fi\/tallimaenkentanpk\/wp-json\/wp\/v2\/media?parent=186"}],"wp:term":[{"taxonomy":"category","embeddable":true,"href":"https:\/\/blog.edu.turku.fi\/tallimaenkentanpk\/wp-json\/wp\/v2\/categories?post=186"},{"taxonomy":"post_tag","embeddable":true,"href":"https:\/\/blog.edu.turku.fi\/tallimaenkentanpk\/wp-json\/wp\/v2\/tags?post=186"}],"curies":[{"name":"wp","href":"https:\/\/api.w.org\/{rel}","templated":true}]}}