{"id":296,"date":"2024-01-19T13:57:26","date_gmt":"2024-01-19T11:57:26","guid":{"rendered":"https:\/\/blog.edu.turku.fi\/tai-taitaja9\/?p=296"},"modified":"2024-01-19T14:12:36","modified_gmt":"2024-01-19T12:12:36","slug":"turun-paikalliskilpailun-voittaja2023-oli-syvalahden-koulusta-joukkue-alf","status":"publish","type":"post","link":"https:\/\/blog.edu.turku.fi\/tai-taitaja9\/turun-paikalliskilpailun-voittaja2023-oli-syvalahden-koulusta-joukkue-alf\/","title":{"rendered":"Turun paikalliskilpailun voittaja2023 oli Syv\u00e4lahden Koulusta joukkue ALF"},"content":{"rendered":"<p>Turun alueen 7 parasta joukkuetta kokoontui\u00a0 Laivahostel S\/S Bore |lle kakkukahvien merkeiss\u00e4. TAIn Taitaja9-koordinaattori Matti Raho onnitteli kaikkia osallistujia, jakoi diplomit sek\u00e4 tsemppasi seuraavaan aluekilpailuun.<\/p>\n<p>T\u00e4n\u00e4 vuonna paras joukkue tuli Syv\u00e4lahden Koulusta eli joukkue ALF eli Aaron Ilmanen, Lukas Rampp sek\u00e4 Frans Hirvonen. Onnea ALFille ja taustavoimille!<\/p>\n<p>Voittajajoukkue sai Turun Osuuskauppa |n lahjottamat stipendit. Stipendit jakoi TOK:n osaamisen kehitt\u00e4misen p\u00e4\u00e4llikk\u00f6, Ami Kalliom\u00e4ki. Stipendi on Tutustu ty\u00f6el\u00e4m\u00e4\u00e4n ja tienaa- harjoittelu, jossa nuori saa kaksi viikkoa palkallista kes\u00e4ty\u00f6t\u00e4 miss\u00e4 tahansa TOK:n toimipaikassa.<\/p>\n<p>L\u00e4mpim\u00e4t onnittelut kaikille osallistujille ja suuret tsempit aluekilpailuun joka on tiistaina 30.1.2024 Axxelin oppilaitoksessa.<\/p>\n<p>Kiitos Turun Osuuskaupalle ja Ami Kalliom\u00e4elle<\/p>\n<p><img loading=\"lazy\" decoding=\"async\" class=\"alignnone size-medium wp-image-272\" src=\"https:\/\/blog.edu.turku.fi\/tai-taitaja9\/files\/2022\/09\/S_TOK-1-1-300x170.jpg\" alt=\"\" width=\"300\" height=\"170\" srcset=\"https:\/\/blog.edu.turku.fi\/tai-taitaja9\/files\/2022\/09\/S_TOK-1-1-300x170.jpg 300w, https:\/\/blog.edu.turku.fi\/tai-taitaja9\/files\/2022\/09\/S_TOK-1-1.jpg 1024w\" sizes=\"auto, (max-width: 300px) 100vw, 300px\" \/><\/p>\n","protected":false},"excerpt":{"rendered":"<p>Turun alueen 7 parasta joukkuetta kokoontui\u00a0 Laivahostel S\/S Bore |lle kakkukahvien merkeiss\u00e4. TAIn Taitaja9-koordinaattori Matti Raho onnitteli kaikkia osallistujia, jakoi<\/p>\n","protected":false},"author":2361,"featured_media":297,"comment_status":"closed","ping_status":"closed","sticky":false,"template":"","format":"standard","meta":{"colormag_page_container_layout":"default_layout","colormag_page_sidebar_layout":"default_layout","footnotes":""},"categories":[248625],"tags":[],"class_list":["post-296","post","type-post","status-publish","format-standard","has-post-thumbnail","hentry","category-syksy-2020-kilpailut"],"_links":{"self":[{"href":"https:\/\/blog.edu.turku.fi\/tai-taitaja9\/wp-json\/wp\/v2\/posts\/296","targetHints":{"allow":["GET"]}}],"collection":[{"href":"https:\/\/blog.edu.turku.fi\/tai-taitaja9\/wp-json\/wp\/v2\/posts"}],"about":[{"href":"https:\/\/blog.edu.turku.fi\/tai-taitaja9\/wp-json\/wp\/v2\/types\/post"}],"author":[{"embeddable":true,"href":"https:\/\/blog.edu.turku.fi\/tai-taitaja9\/wp-json\/wp\/v2\/users\/2361"}],"replies":[{"embeddable":true,"href":"https:\/\/blog.edu.turku.fi\/tai-taitaja9\/wp-json\/wp\/v2\/comments?post=296"}],"version-history":[{"count":2,"href":"https:\/\/blog.edu.turku.fi\/tai-taitaja9\/wp-json\/wp\/v2\/posts\/296\/revisions"}],"predecessor-version":[{"id":301,"href":"https:\/\/blog.edu.turku.fi\/tai-taitaja9\/wp-json\/wp\/v2\/posts\/296\/revisions\/301"}],"wp:featuredmedia":[{"embeddable":true,"href":"https:\/\/blog.edu.turku.fi\/tai-taitaja9\/wp-json\/wp\/v2\/media\/297"}],"wp:attachment":[{"href":"https:\/\/blog.edu.turku.fi\/tai-taitaja9\/wp-json\/wp\/v2\/media?parent=296"}],"wp:term":[{"taxonomy":"category","embeddable":true,"href":"https:\/\/blog.edu.turku.fi\/tai-taitaja9\/wp-json\/wp\/v2\/categories?post=296"},{"taxonomy":"post_tag","embeddable":true,"href":"https:\/\/blog.edu.turku.fi\/tai-taitaja9\/wp-json\/wp\/v2\/tags?post=296"}],"curies":[{"name":"wp","href":"https:\/\/api.w.org\/{rel}","templated":true}]}}