{"id":96,"date":"2013-05-28T20:46:18","date_gmt":"2013-05-28T17:46:18","guid":{"rendered":"https:\/\/blog.edu.turku.fi\/puolalats8\/?p=96"},"modified":"2016-12-12T14:15:49","modified_gmt":"2016-12-12T12:15:49","slug":"unkarin-palkintomatka-videoina","status":"publish","type":"post","link":"https:\/\/blog.edu.turku.fi\/puolalats8\/2013\/05\/28\/unkarin-palkintomatka-videoina\/","title":{"rendered":"Unkarin palkintomatka videoina"},"content":{"rendered":"<p>Olemme kotiutuneet todella hienolta ja kaikin tavoin onnistuneelta palkintomatkalta. Alla on video jokaisen p\u00e4iv\u00e4n tapahtumista.<br \/>\nKatso ja matkaile kanssamme Unkarissa!<\/p>\n<p>L\u00e4ht\u00f6 Unkariin: <a href=\"http:\/\/www.youtube.com\/watch?v=qyJ71yAzDlI\">http:\/\/www.youtube.com\/watch?v=qyJ71yAzDlI<\/a><br \/>\n<a href=\"http:\/\/www.youtube.com\/watch?v=9kv0UgknJ3I\">http:\/\/www.youtube.com\/watch?v=9kv0UgknJ3I<\/a>\u00a0 HD<br \/>\nTunnelmia lentokent\u00e4lt\u00e4.<\/p>\n<p>1. p\u00e4iv\u00e4 Unkarissa: <a href=\"http:\/\/www.youtube.com\/watch?v=yFax7UJ5Eic\">http:\/\/www.youtube.com\/watch?v=yFax7UJ5Eic<\/a><br \/>\n\u00a0<a href=\"http:\/\/www.youtube.com\/watch?v=wOtCFXx7KAY\">http:\/\/www.youtube.com\/watch?v=wOtCFXx7KAY<\/a>\u00a0 HD<br \/>\nTutustumista kaupunkiin ja vierailu Suomen suurl\u00e4hetyst\u00f6ss\u00e4.<br \/>\nRautaisannos Unkarin historiaa.<\/p>\n<p>2. p\u00e4iv\u00e4 Unkarissa: <a href=\"http:\/\/www.youtube.com\/watch?v=3TvE23_zsas\">http:\/\/www.youtube.com\/watch?v=3TvE23_zsas<\/a><br \/>\n\u00a0<a href=\"http:\/\/www.youtube.com\/watch?v=yP4Pi5WqJwo\">http:\/\/www.youtube.com\/watch?v=yP4Pi5WqJwo<\/a>\u00a0 HD<br \/>\nKiertoajelu Pohjois-Unkariin ja Etel\u00e4-Skovakiaan.<br \/>\nKomaromin linnake, Eszergomin basilika ja Tonavan maisemat.<\/p>\n<p>3. p\u00e4iv\u00e4 Unkarissa: <a href=\"http:\/\/www.youtube.com\/watch?v=TQfG7CSluso\">http:\/\/www.youtube.com\/watch?v=TQfG7CSluso<\/a><br \/>\n<a href=\"http:\/\/www.youtube.com\/watch?v=EEXdwYs46eI\">http:\/\/www.youtube.com\/watch?v=EEXdwYs46eI<\/a>\u00a0 HD<br \/>\nAamup\u00e4iv\u00e4 kaupoilla ja iltap\u00e4iv\u00e4 Budapestin el\u00e4intarhassa<\/p>\n<p>El\u00e4intarhassa: <a href=\"http:\/\/www.youtube.com\/watch?v=zMTw_GO1uzc\">http:\/\/www.youtube.com\/watch?v=zMTw_GO1uzc<\/a>\u00a0<br \/>\n(Amandan ja Emman tekem\u00e4)<br \/>\n<a href=\"http:\/\/www.youtube.com\/watch?v=LdoUWWbubwY\">http:\/\/www.youtube.com\/watch?v=LdoUWWbubwY<\/a>\u00a0 HD\u00a0\u00a0\u00a0\u00a0\u00a0\u00a0\u00a0\u00a0\u00a0\u00a0\u00a0\u00a0\u00a0\u00a0\u00a0\u00a0\u00a0\u00a0\u00a0\u00a0\u00a0\u00a0\u00a0\u00a0\u00a0\u00a0\u00a0<\/p>\n<p>4. p\u00e4iv\u00e4 Unkarissa: <a href=\"http:\/\/www.youtube.com\/watch?v=dget_z-u1NY\">http:\/\/www.youtube.com\/watch?v=dget_z-u1NY<\/a><br \/>\n\u00a0<a href=\"http:\/\/www.youtube.com\/watch?v=P_OmzJyTKSM\">http:\/\/www.youtube.com\/watch?v=P_OmzJyTKSM<\/a>\u00a0 HD<br \/>\nKansallismuseossa, museomarkkinoilla ja Budan linnassa.<\/p>\n<p>5.p\u00e4iv\u00e4 Unkarissa: <a href=\"http:\/\/www.youtube.com\/watch?v=QTt56fThTBM\">http:\/\/www.youtube.com\/watch?v=QTt56fThTBM<\/a><br \/>\n<a href=\"http:\/\/www.youtube.com\/watch?v=0n7sjTm-_Eo\">http:\/\/www.youtube.com\/watch?v=0n7sjTm-_Eo<\/a>\u00a0 HD<br \/>\nK\u00e4ynti parlamenttitalossa ja k\u00e4velykadulla. Yhteinen viimeinen illallinen.<\/p>\n<p>L\u00e4ht\u00f6 Unkarista: <a href=\"http:\/\/www.youtube.com\/watch?v=UTR4Of2ETPw\">http:\/\/www.youtube.com\/watch?v=UTR4Of2ETPw<\/a>\u00a0\u00a0<br \/>\n<a href=\"http:\/\/www.youtube.com\/watch?v=Xith02APkmI\">http:\/\/www.youtube.com\/watch?v=Xith02APkmI<\/a>\u00a0 HD<\/p>\n<p>15.5. Videot kuvasi\u00a0 ja editoi Johanna S\u00e4il\u00e4<br \/>\n\n\t\t<style type=\"text\/css\">\n\t\t\t#gallery-1 {\n\t\t\t\tmargin: auto;\n\t\t\t}\n\t\t\t#gallery-1 .gallery-item {\n\t\t\t\tfloat: left;\n\t\t\t\tmargin-top: 10px;\n\t\t\t\ttext-align: center;\n\t\t\t\twidth: 33%;\n\t\t\t}\n\t\t\t#gallery-1 img {\n\t\t\t\tborder: 2px solid #cfcfcf;\n\t\t\t}\n\t\t\t#gallery-1 .gallery-caption {\n\t\t\t\tmargin-left: 0;\n\t\t\t}\n\t\t\t\/* see gallery_shortcode() in wp-includes\/media.php *\/\n\t\t<\/style>\n\t\t<div id='gallery-1' class='gallery galleryid-96 gallery-columns-3 gallery-size-thumbnail'><dl class='gallery-item'>\n\t\t\t<dt class='gallery-icon landscape'>\n\t\t\t\t<a href='https:\/\/blog.edu.turku.fi\/puolalats8\/2013\/05\/28\/unkarin-palkintomatka-videoina\/4-vapaus\/'><img loading=\"lazy\" decoding=\"async\" width=\"150\" height=\"150\" src=\"https:\/\/blog.edu.turku.fi\/puolalats8\/files\/2013\/05\/4.-vapaus-150x150.jpg\" class=\"attachment-thumbnail size-thumbnail\" alt=\"\" \/><\/a>\n\t\t\t<\/dt><\/dl><dl class='gallery-item'>\n\t\t\t<dt class='gallery-icon landscape'>\n\t\t\t\t<a href='https:\/\/blog.edu.turku.fi\/puolalats8\/2013\/05\/28\/unkarin-palkintomatka-videoina\/2-matkalaiset\/'><img loading=\"lazy\" decoding=\"async\" width=\"150\" height=\"150\" src=\"https:\/\/blog.edu.turku.fi\/puolalats8\/files\/2013\/05\/2.-matkalaiset-150x150.jpg\" class=\"attachment-thumbnail size-thumbnail\" alt=\"\" \/><\/a>\n\t\t\t<\/dt><\/dl><dl class='gallery-item'>\n\t\t\t<dt class='gallery-icon landscape'>\n\t\t\t\t<a href='https:\/\/blog.edu.turku.fi\/puolalats8\/2013\/05\/28\/unkarin-palkintomatka-videoina\/3-vapaus\/'><img loading=\"lazy\" decoding=\"async\" width=\"150\" height=\"150\" src=\"https:\/\/blog.edu.turku.fi\/puolalats8\/files\/2013\/05\/3.-vapaus-150x150.jpg\" class=\"attachment-thumbnail size-thumbnail\" alt=\"\" \/><\/a>\n\t\t\t<\/dt><\/dl><br style=\"clear: both\" \/><dl class='gallery-item'>\n\t\t\t<dt class='gallery-icon landscape'>\n\t\t\t\t<a href='https:\/\/blog.edu.turku.fi\/puolalats8\/2013\/05\/28\/unkarin-palkintomatka-videoina\/5-sinipainatamestari\/'><img loading=\"lazy\" decoding=\"async\" width=\"150\" height=\"150\" src=\"https:\/\/blog.edu.turku.fi\/puolalats8\/files\/2013\/05\/5.-sinipainatamestari-150x150.jpg\" class=\"attachment-thumbnail size-thumbnail\" alt=\"\" \/><\/a>\n\t\t\t<\/dt><\/dl><dl class='gallery-item'>\n\t\t\t<dt class='gallery-icon landscape'>\n\t\t\t\t<a href='https:\/\/blog.edu.turku.fi\/puolalats8\/2013\/05\/28\/unkarin-palkintomatka-videoina\/1-paprika\/'><img loading=\"lazy\" decoding=\"async\" width=\"150\" height=\"150\" src=\"https:\/\/blog.edu.turku.fi\/puolalats8\/files\/2013\/05\/1.paprika-150x150.jpg\" class=\"attachment-thumbnail size-thumbnail\" alt=\"\" \/><\/a>\n\t\t\t<\/dt><\/dl><dl class='gallery-item'>\n\t\t\t<dt class='gallery-icon landscape'>\n\t\t\t\t<a href='https:\/\/blog.edu.turku.fi\/puolalats8\/2013\/05\/28\/unkarin-palkintomatka-videoina\/6-sinipainantaa\/'><img loading=\"lazy\" decoding=\"async\" width=\"150\" height=\"150\" src=\"https:\/\/blog.edu.turku.fi\/puolalats8\/files\/2013\/05\/6.-sinipainantaa-150x150.jpg\" class=\"attachment-thumbnail size-thumbnail\" alt=\"\" \/><\/a>\n\t\t\t<\/dt><\/dl><br style=\"clear: both\" \/>\n\t\t<\/div>\n<\/p>\n","protected":false},"excerpt":{"rendered":"<p>Olemme kotiutuneet todella hienolta ja kaikin tavoin onnistuneelta palkintomatkalta. Alla on video jokaisen p\u00e4iv\u00e4n tapahtumista. Katso ja matkaile kanssamme Unkarissa! L\u00e4ht\u00f6 Unkariin: http:\/\/www.youtube.com\/watch?v=qyJ71yAzDlI http:\/\/www.youtube.com\/watch?v=9kv0UgknJ3I\u00a0 HD Tunnelmia lentokent\u00e4lt\u00e4. 1. p\u00e4iv\u00e4 Unkarissa: http:\/\/www.youtube.com\/watch?v=yFax7UJ5Eic \u00a0http:\/\/www.youtube.com\/watch?v=wOtCFXx7KAY\u00a0 HD Tutustumista kaupunkiin ja vierailu Suomen suurl\u00e4hetyst\u00f6ss\u00e4. Rautaisannos &hellip; <a href=\"https:\/\/blog.edu.turku.fi\/puolalats8\/2013\/05\/28\/unkarin-palkintomatka-videoina\/\">Continue reading <span class=\"meta-nav\">&rarr;<\/span><\/a><\/p>\n","protected":false},"author":61,"featured_media":0,"comment_status":"closed","ping_status":"closed","sticky":false,"template":"","format":"standard","meta":{"footnotes":""},"categories":[170631,4798],"tags":[],"class_list":["post-96","post","type-post","status-publish","format-standard","hentry","category-muuta","category-yleinen"],"_links":{"self":[{"href":"https:\/\/blog.edu.turku.fi\/puolalats8\/wp-json\/wp\/v2\/posts\/96","targetHints":{"allow":["GET"]}}],"collection":[{"href":"https:\/\/blog.edu.turku.fi\/puolalats8\/wp-json\/wp\/v2\/posts"}],"about":[{"href":"https:\/\/blog.edu.turku.fi\/puolalats8\/wp-json\/wp\/v2\/types\/post"}],"author":[{"embeddable":true,"href":"https:\/\/blog.edu.turku.fi\/puolalats8\/wp-json\/wp\/v2\/users\/61"}],"replies":[{"embeddable":true,"href":"https:\/\/blog.edu.turku.fi\/puolalats8\/wp-json\/wp\/v2\/comments?post=96"}],"version-history":[{"count":6,"href":"https:\/\/blog.edu.turku.fi\/puolalats8\/wp-json\/wp\/v2\/posts\/96\/revisions"}],"predecessor-version":[{"id":122,"href":"https:\/\/blog.edu.turku.fi\/puolalats8\/wp-json\/wp\/v2\/posts\/96\/revisions\/122"}],"wp:attachment":[{"href":"https:\/\/blog.edu.turku.fi\/puolalats8\/wp-json\/wp\/v2\/media?parent=96"}],"wp:term":[{"taxonomy":"category","embeddable":true,"href":"https:\/\/blog.edu.turku.fi\/puolalats8\/wp-json\/wp\/v2\/categories?post=96"},{"taxonomy":"post_tag","embeddable":true,"href":"https:\/\/blog.edu.turku.fi\/puolalats8\/wp-json\/wp\/v2\/tags?post=96"}],"curies":[{"name":"wp","href":"https:\/\/api.w.org\/{rel}","templated":true}]}}