{"id":36,"date":"2013-01-04T23:18:06","date_gmt":"2013-01-04T21:18:06","guid":{"rendered":"https:\/\/blog.edu.turku.fi\/puolalats8\/?p=36"},"modified":"2016-12-12T14:17:04","modified_gmt":"2016-12-12T12:17:04","slug":"jouluisaa-tunnelmaa-kynttilapajassa","status":"publish","type":"post","link":"https:\/\/blog.edu.turku.fi\/puolalats8\/2013\/01\/04\/jouluisaa-tunnelmaa-kynttilapajassa\/","title":{"rendered":"Jouluisaa tunnelmaa kynttil\u00e4pajassa"},"content":{"rendered":"<p>K\u00e4vimme tekem\u00e4ss\u00e4 kastokynttil\u00f6it\u00e4 Vimmassa. Hienoa kun kaikki systeemit olivat valmiina v\u00e4rj\u00e4ys- ja koristeluaineita my\u00f6ten.<br \/>\n<a href=\"https:\/\/blog.edu.turku.fi\/puolalats8\/2013\/01\/04\/jouluisaa-tunnelmaa-kynttilapajassa\/12-12-12-007\/\" rel=\"attachment wp-att-37\"><img loading=\"lazy\" decoding=\"async\" class=\"alignleft  wp-image-37\" alt=\"12.12.12 007\" src=\"https:\/\/blog.edu.turku.fi\/puolalats8\/files\/2013\/01\/12.12.12-007-300x200.jpg\" width=\"270\" height=\"180\" srcset=\"https:\/\/blog.edu.turku.fi\/puolalats8\/files\/2013\/01\/12.12.12-007-300x200.jpg 300w, https:\/\/blog.edu.turku.fi\/puolalats8\/files\/2013\/01\/12.12.12-007-1024x682.jpg 1024w, https:\/\/blog.edu.turku.fi\/puolalats8\/files\/2013\/01\/12.12.12-007.jpg 1000w\" sizes=\"auto, (max-width: 270px) 100vw, 270px\" \/><\/a><\/p>\n<p>\u00a0<a href=\"https:\/\/blog.edu.turku.fi\/puolalats8\/2013\/01\/04\/jouluisaa-tunnelmaa-kynttilapajassa\/12-12-12-008\/\" rel=\"attachment wp-att-38\"><img loading=\"lazy\" decoding=\"async\" class=\"alignright  wp-image-38\" alt=\"12.12.12 008\" src=\"https:\/\/blog.edu.turku.fi\/puolalats8\/files\/2013\/01\/12.12.12-008-200x300.jpg\" width=\"160\" height=\"240\" srcset=\"https:\/\/blog.edu.turku.fi\/puolalats8\/files\/2013\/01\/12.12.12-008-200x300.jpg 200w, https:\/\/blog.edu.turku.fi\/puolalats8\/files\/2013\/01\/12.12.12-008-682x1024.jpg 682w, https:\/\/blog.edu.turku.fi\/puolalats8\/files\/2013\/01\/12.12.12-008.jpg 667w\" sizes=\"auto, (max-width: 160px) 100vw, 160px\" \/><\/a><\/p>\n<p><a href=\"https:\/\/blog.edu.turku.fi\/puolalats8\/2013\/01\/04\/jouluisaa-tunnelmaa-kynttilapajassa\/12-12-12-010\/\" rel=\"attachment wp-att-39\"><img loading=\"lazy\" decoding=\"async\" class=\"alignleft  wp-image-39\" alt=\"12.12.12 010\" src=\"https:\/\/blog.edu.turku.fi\/puolalats8\/files\/2013\/01\/12.12.12-010-300x200.jpg\" width=\"270\" height=\"180\" srcset=\"https:\/\/blog.edu.turku.fi\/puolalats8\/files\/2013\/01\/12.12.12-010-300x200.jpg 300w, https:\/\/blog.edu.turku.fi\/puolalats8\/files\/2013\/01\/12.12.12-010-1024x682.jpg 1024w, https:\/\/blog.edu.turku.fi\/puolalats8\/files\/2013\/01\/12.12.12-010.jpg 1000w\" sizes=\"auto, (max-width: 270px) 100vw, 270px\" \/><\/a><\/p>\n<p>&nbsp;<\/p>\n<p>&nbsp;<\/p>\n<p>\u00a0<a href=\"https:\/\/blog.edu.turku.fi\/puolalats8\/2013\/01\/04\/jouluisaa-tunnelmaa-kynttilapajassa\/12-12-12-011\/\" rel=\"attachment wp-att-40\"><img loading=\"lazy\" decoding=\"async\" class=\"alignright  wp-image-40\" alt=\"12.12.12 011\" src=\"https:\/\/blog.edu.turku.fi\/puolalats8\/files\/2013\/01\/12.12.12-011-200x300.jpg\" width=\"160\" height=\"240\" srcset=\"https:\/\/blog.edu.turku.fi\/puolalats8\/files\/2013\/01\/12.12.12-011-200x300.jpg 200w, https:\/\/blog.edu.turku.fi\/puolalats8\/files\/2013\/01\/12.12.12-011-682x1024.jpg 682w, https:\/\/blog.edu.turku.fi\/puolalats8\/files\/2013\/01\/12.12.12-011.jpg 667w\" sizes=\"auto, (max-width: 160px) 100vw, 160px\" \/><\/a><\/p>\n<p>&nbsp;<\/p>\n<p><img loading=\"lazy\" decoding=\"async\" class=\"alignleft  wp-image-41\" alt=\"12.12.12 012\" src=\"https:\/\/blog.edu.turku.fi\/puolalats8\/files\/2013\/01\/12.12.12-012-300x200.jpg\" width=\"270\" height=\"180\" srcset=\"https:\/\/blog.edu.turku.fi\/puolalats8\/files\/2013\/01\/12.12.12-012-300x200.jpg 300w, https:\/\/blog.edu.turku.fi\/puolalats8\/files\/2013\/01\/12.12.12-012-1024x682.jpg 1024w, https:\/\/blog.edu.turku.fi\/puolalats8\/files\/2013\/01\/12.12.12-012.jpg 1000w\" sizes=\"auto, (max-width: 270px) 100vw, 270px\" \/>\u00a0<\/p>\n<p>&nbsp;<\/p>\n<p>&nbsp;<\/p>\n<p>&nbsp;<\/p>\n<p>&nbsp;<\/p>\n","protected":false},"excerpt":{"rendered":"<p>K\u00e4vimme tekem\u00e4ss\u00e4 kastokynttil\u00f6it\u00e4 Vimmassa. Hienoa kun kaikki systeemit olivat valmiina v\u00e4rj\u00e4ys- ja koristeluaineita my\u00f6ten. \u00a0 &nbsp; &nbsp; \u00a0 &nbsp; \u00a0 &nbsp; &nbsp; &nbsp; &nbsp;<\/p>\n","protected":false},"author":61,"featured_media":0,"comment_status":"closed","ping_status":"closed","sticky":false,"template":"","format":"standard","meta":{"footnotes":""},"categories":[170631,4798],"tags":[],"class_list":["post-36","post","type-post","status-publish","format-standard","hentry","category-muuta","category-yleinen"],"_links":{"self":[{"href":"https:\/\/blog.edu.turku.fi\/puolalats8\/wp-json\/wp\/v2\/posts\/36","targetHints":{"allow":["GET"]}}],"collection":[{"href":"https:\/\/blog.edu.turku.fi\/puolalats8\/wp-json\/wp\/v2\/posts"}],"about":[{"href":"https:\/\/blog.edu.turku.fi\/puolalats8\/wp-json\/wp\/v2\/types\/post"}],"author":[{"embeddable":true,"href":"https:\/\/blog.edu.turku.fi\/puolalats8\/wp-json\/wp\/v2\/users\/61"}],"replies":[{"embeddable":true,"href":"https:\/\/blog.edu.turku.fi\/puolalats8\/wp-json\/wp\/v2\/comments?post=36"}],"version-history":[{"count":15,"href":"https:\/\/blog.edu.turku.fi\/puolalats8\/wp-json\/wp\/v2\/posts\/36\/revisions"}],"predecessor-version":[{"id":263,"href":"https:\/\/blog.edu.turku.fi\/puolalats8\/wp-json\/wp\/v2\/posts\/36\/revisions\/263"}],"wp:attachment":[{"href":"https:\/\/blog.edu.turku.fi\/puolalats8\/wp-json\/wp\/v2\/media?parent=36"}],"wp:term":[{"taxonomy":"category","embeddable":true,"href":"https:\/\/blog.edu.turku.fi\/puolalats8\/wp-json\/wp\/v2\/categories?post=36"},{"taxonomy":"post_tag","embeddable":true,"href":"https:\/\/blog.edu.turku.fi\/puolalats8\/wp-json\/wp\/v2\/tags?post=36"}],"curies":[{"name":"wp","href":"https:\/\/api.w.org\/{rel}","templated":true}]}}