{"id":30,"date":"2012-11-29T23:07:26","date_gmt":"2012-11-29T21:07:26","guid":{"rendered":"https:\/\/blog.edu.turku.fi\/puolalats8\/?p=30"},"modified":"2016-12-12T14:17:10","modified_gmt":"2016-12-12T12:17:10","slug":"marraskuussa-vierailimme-wamssa","status":"publish","type":"post","link":"https:\/\/blog.edu.turku.fi\/puolalats8\/2012\/11\/29\/marraskuussa-vierailimme-wamssa\/","title":{"rendered":"Marraskuussa vierailimme WAM:ssa"},"content":{"rendered":"<p>V\u00e4in\u00f6 Aaltosen museossa oli vaikuttava n\u00e4yttely (kuva museon esitteest\u00e4):<br \/>\nTekstiilitaiteen triennaali, jonka katseltuamme kokeilimme viel\u00e4 kuvansiirtoa kankaalle.<\/p>\n<p>\n\t\t<style type=\"text\/css\">\n\t\t\t#gallery-1 {\n\t\t\t\tmargin: auto;\n\t\t\t}\n\t\t\t#gallery-1 .gallery-item {\n\t\t\t\tfloat: left;\n\t\t\t\tmargin-top: 10px;\n\t\t\t\ttext-align: center;\n\t\t\t\twidth: 50%;\n\t\t\t}\n\t\t\t#gallery-1 img {\n\t\t\t\tborder: 2px solid #cfcfcf;\n\t\t\t}\n\t\t\t#gallery-1 .gallery-caption {\n\t\t\t\tmargin-left: 0;\n\t\t\t}\n\t\t\t\/* see gallery_shortcode() in wp-includes\/media.php *\/\n\t\t<\/style>\n\t\t<div id='gallery-1' class='gallery galleryid-30 gallery-columns-2 gallery-size-thumbnail'><dl class='gallery-item'>\n\t\t\t<dt class='gallery-icon landscape'>\n\t\t\t\t<a href='https:\/\/blog.edu.turku.fi\/puolalats8\/2012\/11\/29\/marraskuussa-vierailimme-wamssa\/tekstiilitaiteen-triennaali\/'><img loading=\"lazy\" decoding=\"async\" width=\"150\" height=\"150\" src=\"https:\/\/blog.edu.turku.fi\/puolalats8\/files\/2013\/01\/Tekstiilitaiteen-triennaali-150x150.jpg\" class=\"attachment-thumbnail size-thumbnail\" alt=\"\" \/><\/a>\n\t\t\t<\/dt><\/dl><dl class='gallery-item'>\n\t\t\t<dt class='gallery-icon portrait'>\n\t\t\t\t<a href='https:\/\/blog.edu.turku.fi\/puolalats8\/2012\/11\/29\/marraskuussa-vierailimme-wamssa\/kuvansiirtoa-taidepajassa\/'><img loading=\"lazy\" decoding=\"async\" width=\"150\" height=\"150\" src=\"https:\/\/blog.edu.turku.fi\/puolalats8\/files\/2013\/01\/Kuvansiirtoa-taidepajassa-e1357333609642-150x150.jpg\" class=\"attachment-thumbnail size-thumbnail\" alt=\"\" \/><\/a>\n\t\t\t<\/dt><\/dl><br style=\"clear: both\" \/>\n\t\t<\/div>\n<br \/>\nJa ensimm\u00e4iset neulety\u00f6t valmistuivat<\/p>\n\n\t\t<style type=\"text\/css\">\n\t\t\t#gallery-2 {\n\t\t\t\tmargin: auto;\n\t\t\t}\n\t\t\t#gallery-2 .gallery-item {\n\t\t\t\tfloat: left;\n\t\t\t\tmargin-top: 10px;\n\t\t\t\ttext-align: center;\n\t\t\t\twidth: 33%;\n\t\t\t}\n\t\t\t#gallery-2 img {\n\t\t\t\tborder: 2px solid #cfcfcf;\n\t\t\t}\n\t\t\t#gallery-2 .gallery-caption {\n\t\t\t\tmargin-left: 0;\n\t\t\t}\n\t\t\t\/* see gallery_shortcode() in wp-includes\/media.php *\/\n\t\t<\/style>\n\t\t<div id='gallery-2' class='gallery galleryid-30 gallery-columns-3 gallery-size-thumbnail'><dl class='gallery-item'>\n\t\t\t<dt class='gallery-icon landscape'>\n\t\t\t\t<a href='https:\/\/blog.edu.turku.fi\/puolalats8\/2012\/11\/29\/marraskuussa-vierailimme-wamssa\/tammikuu2013-003\/'><img loading=\"lazy\" decoding=\"async\" width=\"150\" height=\"150\" src=\"https:\/\/blog.edu.turku.fi\/puolalats8\/files\/2013\/01\/tammikuu2013-003-150x150.jpg\" class=\"attachment-thumbnail size-thumbnail\" alt=\"\" \/><\/a>\n\t\t\t<\/dt><\/dl><dl class='gallery-item'>\n\t\t\t<dt class='gallery-icon landscape'>\n\t\t\t\t<a href='https:\/\/blog.edu.turku.fi\/puolalats8\/2012\/11\/29\/marraskuussa-vierailimme-wamssa\/18a-3-2013-002\/'><img loading=\"lazy\" decoding=\"async\" width=\"150\" height=\"150\" src=\"https:\/\/blog.edu.turku.fi\/puolalats8\/files\/2013\/01\/18a.3.2013-002-150x150.jpg\" class=\"attachment-thumbnail size-thumbnail\" alt=\"\" \/><\/a>\n\t\t\t<\/dt><\/dl><dl class='gallery-item'>\n\t\t\t<dt class='gallery-icon landscape'>\n\t\t\t\t<a href='https:\/\/blog.edu.turku.fi\/puolalats8\/2012\/11\/29\/marraskuussa-vierailimme-wamssa\/4-12-2013-014\/'><img loading=\"lazy\" decoding=\"async\" width=\"150\" height=\"150\" src=\"https:\/\/blog.edu.turku.fi\/puolalats8\/files\/2013\/01\/4.12.2013-014-150x150.jpg\" class=\"attachment-thumbnail size-thumbnail\" alt=\"\" \/><\/a>\n\t\t\t<\/dt><\/dl><br style=\"clear: both\" \/>\n\t\t<\/div>\n\n","protected":false},"excerpt":{"rendered":"<p>V\u00e4in\u00f6 Aaltosen museossa oli vaikuttava n\u00e4yttely (kuva museon esitteest\u00e4): Tekstiilitaiteen triennaali, jonka katseltuamme kokeilimme viel\u00e4 kuvansiirtoa kankaalle. Ja ensimm\u00e4iset neulety\u00f6t valmistuivat<\/p>\n","protected":false},"author":61,"featured_media":0,"comment_status":"closed","ping_status":"closed","sticky":false,"template":"","format":"standard","meta":{"footnotes":""},"categories":[170631,4798],"tags":[],"class_list":["post-30","post","type-post","status-publish","format-standard","hentry","category-muuta","category-yleinen"],"_links":{"self":[{"href":"https:\/\/blog.edu.turku.fi\/puolalats8\/wp-json\/wp\/v2\/posts\/30","targetHints":{"allow":["GET"]}}],"collection":[{"href":"https:\/\/blog.edu.turku.fi\/puolalats8\/wp-json\/wp\/v2\/posts"}],"about":[{"href":"https:\/\/blog.edu.turku.fi\/puolalats8\/wp-json\/wp\/v2\/types\/post"}],"author":[{"embeddable":true,"href":"https:\/\/blog.edu.turku.fi\/puolalats8\/wp-json\/wp\/v2\/users\/61"}],"replies":[{"embeddable":true,"href":"https:\/\/blog.edu.turku.fi\/puolalats8\/wp-json\/wp\/v2\/comments?post=30"}],"version-history":[{"count":8,"href":"https:\/\/blog.edu.turku.fi\/puolalats8\/wp-json\/wp\/v2\/posts\/30\/revisions"}],"predecessor-version":[{"id":256,"href":"https:\/\/blog.edu.turku.fi\/puolalats8\/wp-json\/wp\/v2\/posts\/30\/revisions\/256"}],"wp:attachment":[{"href":"https:\/\/blog.edu.turku.fi\/puolalats8\/wp-json\/wp\/v2\/media?parent=30"}],"wp:term":[{"taxonomy":"category","embeddable":true,"href":"https:\/\/blog.edu.turku.fi\/puolalats8\/wp-json\/wp\/v2\/categories?post=30"},{"taxonomy":"post_tag","embeddable":true,"href":"https:\/\/blog.edu.turku.fi\/puolalats8\/wp-json\/wp\/v2\/tags?post=30"}],"curies":[{"name":"wp","href":"https:\/\/api.w.org\/{rel}","templated":true}]}}