{"id":180,"date":"2014-03-19T19:25:00","date_gmt":"2014-03-19T17:25:00","guid":{"rendered":"https:\/\/blog.edu.turku.fi\/puolalats8\/?p=180"},"modified":"2016-12-12T14:14:15","modified_gmt":"2016-12-12T12:14:15","slug":"kannylaturit-pehmojen-sisalla","status":"publish","type":"post","link":"https:\/\/blog.edu.turku.fi\/puolalats8\/2014\/03\/19\/kannylaturit-pehmojen-sisalla\/","title":{"rendered":"K\u00e4nnylaturit pehmojen sis\u00e4ll\u00e4"},"content":{"rendered":"<p>Ensimm\u00e4iset k\u00e4nnykk\u00e4laturit pehmokuorineen alkavat valmistua. Martan p\u00f6ll\u00f6 on mielett\u00f6m\u00e4n hieno ja taidokkaasti tehty! Itse laturi piiloutuu suojapussissa p\u00f6ll\u00f6n sis\u00e4\u00e4n ja usb-johto tulee p\u00f6ll\u00f6n nokasta ulos. Latauksen aikana k\u00e4nnykk\u00e4 saa lep\u00e4ill\u00e4 p\u00f6ll\u00f6n siivell\u00e4.<br \/>\n<a href=\"https:\/\/blog.edu.turku.fi\/puolalats8\/files\/2014\/03\/1.-Martan-valmis-laturipehmo.jpg\"><img loading=\"lazy\" decoding=\"async\" class=\"alignleft  wp-image-181\" alt=\"1. Martan valmis laturipehmo\" src=\"https:\/\/blog.edu.turku.fi\/puolalats8\/files\/2014\/03\/1.-Martan-valmis-laturipehmo-300x225.jpg\" width=\"240\" height=\"180\" srcset=\"https:\/\/blog.edu.turku.fi\/puolalats8\/files\/2014\/03\/1.-Martan-valmis-laturipehmo-300x225.jpg 300w, https:\/\/blog.edu.turku.fi\/puolalats8\/files\/2014\/03\/1.-Martan-valmis-laturipehmo.jpg 640w\" sizes=\"auto, (max-width: 240px) 100vw, 240px\" \/><\/a> <a href=\"https:\/\/blog.edu.turku.fi\/puolalats8\/files\/2014\/03\/2.-Martan-laturipehmo.jpg\"><img loading=\"lazy\" decoding=\"async\" class=\"alignleft  wp-image-182\" alt=\"2. Martan laturipehmo\" src=\"https:\/\/blog.edu.turku.fi\/puolalats8\/files\/2014\/03\/2.-Martan-laturipehmo-300x225.jpg\" width=\"240\" height=\"180\" srcset=\"https:\/\/blog.edu.turku.fi\/puolalats8\/files\/2014\/03\/2.-Martan-laturipehmo-300x225.jpg 300w, https:\/\/blog.edu.turku.fi\/puolalats8\/files\/2014\/03\/2.-Martan-laturipehmo.jpg 640w\" sizes=\"auto, (max-width: 240px) 100vw, 240px\" \/><\/a><\/p>\n\n\t\t<style type=\"text\/css\">\n\t\t\t#gallery-1 {\n\t\t\t\tmargin: auto;\n\t\t\t}\n\t\t\t#gallery-1 .gallery-item {\n\t\t\t\tfloat: left;\n\t\t\t\tmargin-top: 10px;\n\t\t\t\ttext-align: center;\n\t\t\t\twidth: 33%;\n\t\t\t}\n\t\t\t#gallery-1 img {\n\t\t\t\tborder: 2px solid #cfcfcf;\n\t\t\t}\n\t\t\t#gallery-1 .gallery-caption {\n\t\t\t\tmargin-left: 0;\n\t\t\t}\n\t\t\t\/* see gallery_shortcode() in wp-includes\/media.php *\/\n\t\t<\/style>\n\t\t<div id='gallery-1' class='gallery galleryid-180 gallery-columns-3 gallery-size-thumbnail'><dl class='gallery-item'>\n\t\t\t<dt class='gallery-icon landscape'>\n\t\t\t\t<a href='https:\/\/blog.edu.turku.fi\/puolalats8\/2014\/03\/19\/kannylaturit-pehmojen-sisalla\/annan-koira-edesta\/'><img loading=\"lazy\" decoding=\"async\" width=\"150\" height=\"150\" src=\"https:\/\/blog.edu.turku.fi\/puolalats8\/files\/2014\/03\/Annan-koira-edesta-150x150.jpg\" class=\"attachment-thumbnail size-thumbnail\" alt=\"\" \/><\/a>\n\t\t\t<\/dt><\/dl><dl class='gallery-item'>\n\t\t\t<dt class='gallery-icon landscape'>\n\t\t\t\t<a href='https:\/\/blog.edu.turku.fi\/puolalats8\/2014\/03\/19\/kannylaturit-pehmojen-sisalla\/annan-koira-takaa\/'><img loading=\"lazy\" decoding=\"async\" width=\"150\" height=\"150\" src=\"https:\/\/blog.edu.turku.fi\/puolalats8\/files\/2014\/03\/Annan-koira-takaa-150x150.jpg\" class=\"attachment-thumbnail size-thumbnail\" alt=\"\" \/><\/a>\n\t\t\t<\/dt><\/dl><dl class='gallery-item'>\n\t\t\t<dt class='gallery-icon landscape'>\n\t\t\t\t<a href='https:\/\/blog.edu.turku.fi\/puolalats8\/2014\/03\/19\/kannylaturit-pehmojen-sisalla\/annan-leivos-edesta\/'><img loading=\"lazy\" decoding=\"async\" width=\"150\" height=\"150\" src=\"https:\/\/blog.edu.turku.fi\/puolalats8\/files\/2014\/03\/Annan-leivos-edesta-150x150.jpg\" class=\"attachment-thumbnail size-thumbnail\" alt=\"\" \/><\/a>\n\t\t\t<\/dt><\/dl><br style=\"clear: both\" \/><dl class='gallery-item'>\n\t\t\t<dt class='gallery-icon landscape'>\n\t\t\t\t<a href='https:\/\/blog.edu.turku.fi\/puolalats8\/2014\/03\/19\/kannylaturit-pehmojen-sisalla\/annan-leivos-sisalta\/'><img loading=\"lazy\" decoding=\"async\" width=\"150\" height=\"150\" src=\"https:\/\/blog.edu.turku.fi\/puolalats8\/files\/2014\/03\/Annan-leivos-sisalta-150x150.jpg\" class=\"attachment-thumbnail size-thumbnail\" alt=\"\" \/><\/a>\n\t\t\t<\/dt><\/dl><dl class='gallery-item'>\n\t\t\t<dt class='gallery-icon landscape'>\n\t\t\t\t<a href='https:\/\/blog.edu.turku.fi\/puolalats8\/2014\/03\/19\/kannylaturit-pehmojen-sisalla\/even-pollo-edesta\/'><img loading=\"lazy\" decoding=\"async\" width=\"150\" height=\"150\" src=\"https:\/\/blog.edu.turku.fi\/puolalats8\/files\/2014\/03\/Even-pollo-edesta-150x150.jpg\" class=\"attachment-thumbnail size-thumbnail\" alt=\"\" \/><\/a>\n\t\t\t<\/dt><\/dl><dl class='gallery-item'>\n\t\t\t<dt class='gallery-icon landscape'>\n\t\t\t\t<a href='https:\/\/blog.edu.turku.fi\/puolalats8\/2014\/03\/19\/kannylaturit-pehmojen-sisalla\/even-pollo-takaa\/'><img loading=\"lazy\" decoding=\"async\" width=\"150\" height=\"150\" src=\"https:\/\/blog.edu.turku.fi\/puolalats8\/files\/2014\/03\/Even-pollo-takaa-150x150.jpg\" class=\"attachment-thumbnail size-thumbnail\" alt=\"\" \/><\/a>\n\t\t\t<\/dt><\/dl><br style=\"clear: both\" \/><dl class='gallery-item'>\n\t\t\t<dt class='gallery-icon landscape'>\n\t\t\t\t<a href='https:\/\/blog.edu.turku.fi\/puolalats8\/2014\/03\/19\/kannylaturit-pehmojen-sisalla\/iidan-kala-1\/'><img loading=\"lazy\" decoding=\"async\" width=\"150\" height=\"150\" src=\"https:\/\/blog.edu.turku.fi\/puolalats8\/files\/2014\/03\/Iidan-kala-1-150x150.jpg\" class=\"attachment-thumbnail size-thumbnail\" alt=\"\" \/><\/a>\n\t\t\t<\/dt><\/dl><dl class='gallery-item'>\n\t\t\t<dt class='gallery-icon landscape'>\n\t\t\t\t<a href='https:\/\/blog.edu.turku.fi\/puolalats8\/2014\/03\/19\/kannylaturit-pehmojen-sisalla\/iidan-kala-2\/'><img loading=\"lazy\" decoding=\"async\" width=\"150\" height=\"150\" src=\"https:\/\/blog.edu.turku.fi\/puolalats8\/files\/2014\/03\/Iidan-kala-2-150x150.jpg\" class=\"attachment-thumbnail size-thumbnail\" alt=\"\" \/><\/a>\n\t\t\t<\/dt><\/dl><dl class='gallery-item'>\n\t\t\t<dt class='gallery-icon landscape'>\n\t\t\t\t<a href='https:\/\/blog.edu.turku.fi\/puolalats8\/2014\/03\/19\/kannylaturit-pehmojen-sisalla\/iidan-koira-1\/'><img loading=\"lazy\" decoding=\"async\" width=\"150\" height=\"150\" src=\"https:\/\/blog.edu.turku.fi\/puolalats8\/files\/2014\/03\/Iidan-koira-1-150x150.jpg\" class=\"attachment-thumbnail size-thumbnail\" alt=\"\" \/><\/a>\n\t\t\t<\/dt><\/dl><br style=\"clear: both\" \/><dl class='gallery-item'>\n\t\t\t<dt class='gallery-icon landscape'>\n\t\t\t\t<a href='https:\/\/blog.edu.turku.fi\/puolalats8\/2014\/03\/19\/kannylaturit-pehmojen-sisalla\/iidan-koira-2\/'><img loading=\"lazy\" decoding=\"async\" width=\"150\" height=\"150\" src=\"https:\/\/blog.edu.turku.fi\/puolalats8\/files\/2014\/03\/Iidan-koira-2-150x150.jpg\" class=\"attachment-thumbnail size-thumbnail\" alt=\"\" \/><\/a>\n\t\t\t<\/dt><\/dl><dl class='gallery-item'>\n\t\t\t<dt class='gallery-icon landscape'>\n\t\t\t\t<a href='https:\/\/blog.edu.turku.fi\/puolalats8\/2014\/03\/19\/kannylaturit-pehmojen-sisalla\/kirsikan-hirvi\/'><img loading=\"lazy\" decoding=\"async\" width=\"150\" height=\"150\" src=\"https:\/\/blog.edu.turku.fi\/puolalats8\/files\/2014\/03\/Kirsikan-hirvi-150x150.jpg\" class=\"attachment-thumbnail size-thumbnail\" alt=\"\" \/><\/a>\n\t\t\t<\/dt><\/dl><dl class='gallery-item'>\n\t\t\t<dt class='gallery-icon landscape'>\n\t\t\t\t<a href='https:\/\/blog.edu.turku.fi\/puolalats8\/2014\/03\/19\/kannylaturit-pehmojen-sisalla\/martan-pollo-edesta\/'><img loading=\"lazy\" decoding=\"async\" width=\"150\" height=\"150\" src=\"https:\/\/blog.edu.turku.fi\/puolalats8\/files\/2014\/03\/Martan-pollo-edesta-150x150.jpg\" class=\"attachment-thumbnail size-thumbnail\" alt=\"\" \/><\/a>\n\t\t\t<\/dt><\/dl><br style=\"clear: both\" \/><dl class='gallery-item'>\n\t\t\t<dt class='gallery-icon landscape'>\n\t\t\t\t<a href='https:\/\/blog.edu.turku.fi\/puolalats8\/2014\/03\/19\/kannylaturit-pehmojen-sisalla\/martan-pollo-takaa\/'><img loading=\"lazy\" decoding=\"async\" width=\"150\" height=\"150\" src=\"https:\/\/blog.edu.turku.fi\/puolalats8\/files\/2014\/03\/Martan-pollo-takaa-150x150.jpg\" class=\"attachment-thumbnail size-thumbnail\" alt=\"\" \/><\/a>\n\t\t\t<\/dt><\/dl><dl class='gallery-item'>\n\t\t\t<dt class='gallery-icon landscape'>\n\t\t\t\t<a href='https:\/\/blog.edu.turku.fi\/puolalats8\/2014\/03\/19\/kannylaturit-pehmojen-sisalla\/nelin-tiikeri-edesta\/'><img loading=\"lazy\" decoding=\"async\" width=\"150\" height=\"150\" src=\"https:\/\/blog.edu.turku.fi\/puolalats8\/files\/2014\/03\/Nelin-tiikeri-edesta-150x150.jpg\" class=\"attachment-thumbnail size-thumbnail\" alt=\"\" \/><\/a>\n\t\t\t<\/dt><\/dl><dl class='gallery-item'>\n\t\t\t<dt class='gallery-icon landscape'>\n\t\t\t\t<a href='https:\/\/blog.edu.turku.fi\/puolalats8\/2014\/03\/19\/kannylaturit-pehmojen-sisalla\/nellin-tiikeri-takaa\/'><img loading=\"lazy\" decoding=\"async\" width=\"150\" height=\"150\" src=\"https:\/\/blog.edu.turku.fi\/puolalats8\/files\/2014\/03\/Nellin-tiikeri-takaa-150x150.jpg\" class=\"attachment-thumbnail size-thumbnail\" alt=\"\" \/><\/a>\n\t\t\t<\/dt><\/dl><br style=\"clear: both\" \/><dl class='gallery-item'>\n\t\t\t<dt class='gallery-icon landscape'>\n\t\t\t\t<a href='https:\/\/blog.edu.turku.fi\/puolalats8\/2014\/03\/19\/kannylaturit-pehmojen-sisalla\/tinan-lepakko-edesta\/'><img loading=\"lazy\" decoding=\"async\" width=\"150\" height=\"150\" src=\"https:\/\/blog.edu.turku.fi\/puolalats8\/files\/2014\/03\/Tinan-lepakko-edesta-150x150.jpg\" class=\"attachment-thumbnail size-thumbnail\" alt=\"\" \/><\/a>\n\t\t\t<\/dt><\/dl><dl class='gallery-item'>\n\t\t\t<dt class='gallery-icon landscape'>\n\t\t\t\t<a href='https:\/\/blog.edu.turku.fi\/puolalats8\/2014\/03\/19\/kannylaturit-pehmojen-sisalla\/tinan-lepakko-takaa\/'><img loading=\"lazy\" decoding=\"async\" width=\"150\" height=\"150\" src=\"https:\/\/blog.edu.turku.fi\/puolalats8\/files\/2014\/03\/Tinan-lepakko-takaa-150x150.jpg\" class=\"attachment-thumbnail size-thumbnail\" alt=\"\" \/><\/a>\n\t\t\t<\/dt><\/dl>\n\t\t\t<br style='clear: both' \/>\n\t\t<\/div>\n\n<p>&nbsp;<\/p>\n<p>&nbsp;<\/p>\n<p>&nbsp;<\/p>\n<p>KUVIA KOKO PROJEKTISTA T\u00c4SS\u00c4<br \/>\nIdean is\u00e4 Harri Bl\u00e4uer TOK-keskuksesta opastamassa elektroniikkaosuuden kanssa. Kiitos Harrille!<br \/>\n\n\t\t<style type=\"text\/css\">\n\t\t\t#gallery-2 {\n\t\t\t\tmargin: auto;\n\t\t\t}\n\t\t\t#gallery-2 .gallery-item {\n\t\t\t\tfloat: left;\n\t\t\t\tmargin-top: 10px;\n\t\t\t\ttext-align: center;\n\t\t\t\twidth: 33%;\n\t\t\t}\n\t\t\t#gallery-2 img {\n\t\t\t\tborder: 2px solid #cfcfcf;\n\t\t\t}\n\t\t\t#gallery-2 .gallery-caption {\n\t\t\t\tmargin-left: 0;\n\t\t\t}\n\t\t\t\/* see gallery_shortcode() in wp-includes\/media.php *\/\n\t\t<\/style>\n\t\t<div id='gallery-2' class='gallery galleryid-180 gallery-columns-3 gallery-size-thumbnail'><dl class='gallery-item'>\n\t\t\t<dt class='gallery-icon landscape'>\n\t\t\t\t<a href='https:\/\/blog.edu.turku.fi\/puolalats8\/2014\/03\/19\/kannylaturit-pehmojen-sisalla\/3-sahkooppia\/'><img loading=\"lazy\" decoding=\"async\" width=\"150\" height=\"150\" src=\"https:\/\/blog.edu.turku.fi\/puolalats8\/files\/2014\/03\/3.-sahkooppia-150x150.jpg\" class=\"attachment-thumbnail size-thumbnail\" alt=\"\" \/><\/a>\n\t\t\t<\/dt><\/dl><dl class='gallery-item'>\n\t\t\t<dt class='gallery-icon landscape'>\n\t\t\t\t<a href='https:\/\/blog.edu.turku.fi\/puolalats8\/2014\/03\/19\/kannylaturit-pehmojen-sisalla\/4-poraamisen-opetus\/'><img loading=\"lazy\" decoding=\"async\" width=\"150\" height=\"150\" src=\"https:\/\/blog.edu.turku.fi\/puolalats8\/files\/2014\/03\/4.-poraamisen-opetus-150x150.jpg\" class=\"attachment-thumbnail size-thumbnail\" alt=\"\" \/><\/a>\n\t\t\t<\/dt><\/dl><dl class='gallery-item'>\n\t\t\t<dt class='gallery-icon landscape'>\n\t\t\t\t<a href='https:\/\/blog.edu.turku.fi\/puolalats8\/2014\/03\/19\/kannylaturit-pehmojen-sisalla\/5-ekan-elektroniikka-kerran-tyot\/'><img loading=\"lazy\" decoding=\"async\" width=\"150\" height=\"150\" src=\"https:\/\/blog.edu.turku.fi\/puolalats8\/files\/2014\/03\/5.-ekan-elektroniikka-kerran-tyot-150x150.jpg\" class=\"attachment-thumbnail size-thumbnail\" alt=\"\" \/><\/a>\n\t\t\t<\/dt><\/dl><br style=\"clear: both\" \/><dl class='gallery-item'>\n\t\t\t<dt class='gallery-icon landscape'>\n\t\t\t\t<a href='https:\/\/blog.edu.turku.fi\/puolalats8\/2014\/03\/19\/kannylaturit-pehmojen-sisalla\/5-oppilas-poraa\/'><img loading=\"lazy\" decoding=\"async\" width=\"150\" height=\"150\" src=\"https:\/\/blog.edu.turku.fi\/puolalats8\/files\/2014\/03\/5.-oppilas-poraa-150x150.jpg\" class=\"attachment-thumbnail size-thumbnail\" alt=\"\" \/><\/a>\n\t\t\t<\/dt><\/dl><dl class='gallery-item'>\n\t\t\t<dt class='gallery-icon landscape'>\n\t\t\t\t<a href='https:\/\/blog.edu.turku.fi\/puolalats8\/2014\/03\/19\/kannylaturit-pehmojen-sisalla\/6-oppilaat-poraavat\/'><img loading=\"lazy\" decoding=\"async\" width=\"150\" height=\"150\" src=\"https:\/\/blog.edu.turku.fi\/puolalats8\/files\/2014\/03\/6.-oppilaat-poraavat-150x150.jpg\" class=\"attachment-thumbnail size-thumbnail\" alt=\"\" \/><\/a>\n\t\t\t<\/dt><\/dl><dl class='gallery-item'>\n\t\t\t<dt class='gallery-icon landscape'>\n\t\t\t\t<a href='https:\/\/blog.edu.turku.fi\/puolalats8\/2014\/03\/19\/kannylaturit-pehmojen-sisalla\/5-poraamassa\/'><img loading=\"lazy\" decoding=\"async\" width=\"150\" height=\"150\" src=\"https:\/\/blog.edu.turku.fi\/puolalats8\/files\/2014\/03\/5.-poraamassa-150x150.jpg\" class=\"attachment-thumbnail size-thumbnail\" alt=\"\" \/><\/a>\n\t\t\t<\/dt><\/dl><br style=\"clear: both\" \/>\n\t\t<\/div>\n<\/p>\n<p>V\u00e4lill\u00e4 huovutettiin, koottiin ja kirjottiin omaa pehmoa.<br \/>\n\n\t\t<style type=\"text\/css\">\n\t\t\t#gallery-3 {\n\t\t\t\tmargin: auto;\n\t\t\t}\n\t\t\t#gallery-3 .gallery-item {\n\t\t\t\tfloat: left;\n\t\t\t\tmargin-top: 10px;\n\t\t\t\ttext-align: center;\n\t\t\t\twidth: 33%;\n\t\t\t}\n\t\t\t#gallery-3 img {\n\t\t\t\tborder: 2px solid #cfcfcf;\n\t\t\t}\n\t\t\t#gallery-3 .gallery-caption {\n\t\t\t\tmargin-left: 0;\n\t\t\t}\n\t\t\t\/* see gallery_shortcode() in wp-includes\/media.php *\/\n\t\t<\/style>\n\t\t<div id='gallery-3' class='gallery galleryid-180 gallery-columns-3 gallery-size-thumbnail'><dl class='gallery-item'>\n\t\t\t<dt class='gallery-icon landscape'>\n\t\t\t\t<a href='https:\/\/blog.edu.turku.fi\/puolalats8\/2014\/03\/19\/kannylaturit-pehmojen-sisalla\/8-iida-markahuovuttaa\/'><img loading=\"lazy\" decoding=\"async\" width=\"150\" height=\"150\" src=\"https:\/\/blog.edu.turku.fi\/puolalats8\/files\/2014\/03\/8.-Iida-markahuovuttaa-150x150.jpg\" class=\"attachment-thumbnail size-thumbnail\" alt=\"\" \/><\/a>\n\t\t\t<\/dt><\/dl><dl class='gallery-item'>\n\t\t\t<dt class='gallery-icon landscape'>\n\t\t\t\t<a href='https:\/\/blog.edu.turku.fi\/puolalats8\/2014\/03\/19\/kannylaturit-pehmojen-sisalla\/9-muotti-pois-sisalta\/'><img loading=\"lazy\" decoding=\"async\" width=\"150\" height=\"150\" src=\"https:\/\/blog.edu.turku.fi\/puolalats8\/files\/2014\/03\/9.-muotti-pois-sisalta-150x150.jpg\" class=\"attachment-thumbnail size-thumbnail\" alt=\"\" \/><\/a>\n\t\t\t<\/dt><\/dl><dl class='gallery-item'>\n\t\t\t<dt class='gallery-icon landscape'>\n\t\t\t\t<a href='https:\/\/blog.edu.turku.fi\/puolalats8\/2014\/03\/19\/kannylaturit-pehmojen-sisalla\/10-muotoon-huovutusta\/'><img loading=\"lazy\" decoding=\"async\" width=\"150\" height=\"150\" src=\"https:\/\/blog.edu.turku.fi\/puolalats8\/files\/2014\/03\/10.-muotoon-huovutusta-150x150.jpg\" class=\"attachment-thumbnail size-thumbnail\" alt=\"\" \/><\/a>\n\t\t\t<\/dt><\/dl><br style=\"clear: both\" \/>\n\t\t<\/div>\n<br \/>\nJa v\u00e4lill\u00e4 juotettiin osia kiinni piirilevyyn.<br \/>\n\n\t\t<style type=\"text\/css\">\n\t\t\t#gallery-4 {\n\t\t\t\tmargin: auto;\n\t\t\t}\n\t\t\t#gallery-4 .gallery-item {\n\t\t\t\tfloat: left;\n\t\t\t\tmargin-top: 10px;\n\t\t\t\ttext-align: center;\n\t\t\t\twidth: 33%;\n\t\t\t}\n\t\t\t#gallery-4 img {\n\t\t\t\tborder: 2px solid #cfcfcf;\n\t\t\t}\n\t\t\t#gallery-4 .gallery-caption {\n\t\t\t\tmargin-left: 0;\n\t\t\t}\n\t\t\t\/* see gallery_shortcode() in wp-includes\/media.php *\/\n\t\t<\/style>\n\t\t<div id='gallery-4' class='gallery galleryid-180 gallery-columns-3 gallery-size-thumbnail'><dl class='gallery-item'>\n\t\t\t<dt class='gallery-icon landscape'>\n\t\t\t\t<a href='https:\/\/blog.edu.turku.fi\/puolalats8\/2014\/03\/19\/kannylaturit-pehmojen-sisalla\/11-osien-juottamista\/'><img loading=\"lazy\" decoding=\"async\" width=\"150\" height=\"150\" src=\"https:\/\/blog.edu.turku.fi\/puolalats8\/files\/2014\/03\/11.-osien-juottamista-150x150.jpg\" class=\"attachment-thumbnail size-thumbnail\" alt=\"\" \/><\/a>\n\t\t\t<\/dt><\/dl><dl class='gallery-item'>\n\t\t\t<dt class='gallery-icon landscape'>\n\t\t\t\t<a href='https:\/\/blog.edu.turku.fi\/puolalats8\/2014\/03\/19\/kannylaturit-pehmojen-sisalla\/12-osien-juottamista\/'><img loading=\"lazy\" decoding=\"async\" width=\"150\" height=\"150\" src=\"https:\/\/blog.edu.turku.fi\/puolalats8\/files\/2014\/03\/12.-osien-juottamista-150x150.jpg\" class=\"attachment-thumbnail size-thumbnail\" alt=\"\" \/><\/a>\n\t\t\t<\/dt><\/dl><dl class='gallery-item'>\n\t\t\t<dt class='gallery-icon landscape'>\n\t\t\t\t<a href='https:\/\/blog.edu.turku.fi\/puolalats8\/2014\/03\/19\/kannylaturit-pehmojen-sisalla\/14-tehojen-mittaus\/'><img loading=\"lazy\" decoding=\"async\" width=\"150\" height=\"150\" src=\"https:\/\/blog.edu.turku.fi\/puolalats8\/files\/2014\/03\/14.-tehojen-mittaus-150x150.jpg\" class=\"attachment-thumbnail size-thumbnail\" alt=\"\" \/><\/a>\n\t\t\t<\/dt><\/dl><br style=\"clear: both\" \/>\n\t\t<\/div>\n<br \/>\nToimii!! Ja lis\u00e4\u00e4 pehmokuoria on valmistumassa.<br \/>\n<a href=\"https:\/\/blog.edu.turku.fi\/puolalats8\/files\/2014\/03\/13.-ja-toimii.jpg\"><img loading=\"lazy\" decoding=\"async\" class=\"alignleft  wp-image-196\" alt=\"13. ja toimii!!\" src=\"https:\/\/blog.edu.turku.fi\/puolalats8\/files\/2014\/03\/13.-ja-toimii-300x225.jpg\" width=\"240\" height=\"180\" srcset=\"https:\/\/blog.edu.turku.fi\/puolalats8\/files\/2014\/03\/13.-ja-toimii-300x225.jpg 300w, https:\/\/blog.edu.turku.fi\/puolalats8\/files\/2014\/03\/13.-ja-toimii.jpg 640w\" sizes=\"auto, (max-width: 240px) 100vw, 240px\" \/><\/a> <a href=\"https:\/\/blog.edu.turku.fi\/puolalats8\/files\/2014\/03\/15.-lisaa-pehmolatureita-valmistumassa.jpg\"><img loading=\"lazy\" decoding=\"async\" class=\"alignleft  wp-image-197\" alt=\"15. lisaa pehmolatureita valmistumassa\" src=\"https:\/\/blog.edu.turku.fi\/puolalats8\/files\/2014\/03\/15.-lisaa-pehmolatureita-valmistumassa-300x225.jpg\" width=\"240\" height=\"180\" srcset=\"https:\/\/blog.edu.turku.fi\/puolalats8\/files\/2014\/03\/15.-lisaa-pehmolatureita-valmistumassa-300x225.jpg 300w, https:\/\/blog.edu.turku.fi\/puolalats8\/files\/2014\/03\/15.-lisaa-pehmolatureita-valmistumassa.jpg 640w\" sizes=\"auto, (max-width: 240px) 100vw, 240px\" \/><\/a><\/p>\n<p>&nbsp;<\/p>\n<p>&nbsp;<\/p>\n<p>&nbsp;<\/p>\n<p>&nbsp;<\/p>\n<p>&nbsp;<\/p>\n<p>Siin\u00e4 sivussa k\u00e4vi Walter tekem\u00e4ss\u00e4 ter\u00e4suojan teknisess\u00e4 ty\u00f6ss\u00e4 tekem\u00e4\u00e4ns\u00e4 kirveeseen.\n\t\t<style type=\"text\/css\">\n\t\t\t#gallery-5 {\n\t\t\t\tmargin: auto;\n\t\t\t}\n\t\t\t#gallery-5 .gallery-item {\n\t\t\t\tfloat: left;\n\t\t\t\tmargin-top: 10px;\n\t\t\t\ttext-align: center;\n\t\t\t\twidth: 33%;\n\t\t\t}\n\t\t\t#gallery-5 img {\n\t\t\t\tborder: 2px solid #cfcfcf;\n\t\t\t}\n\t\t\t#gallery-5 .gallery-caption {\n\t\t\t\tmargin-left: 0;\n\t\t\t}\n\t\t\t\/* see gallery_shortcode() in wp-includes\/media.php *\/\n\t\t<\/style>\n\t\t<div id='gallery-5' class='gallery galleryid-180 gallery-columns-3 gallery-size-thumbnail'><dl class='gallery-item'>\n\t\t\t<dt class='gallery-icon landscape'>\n\t\t\t\t<a href='https:\/\/blog.edu.turku.fi\/puolalats8\/2014\/03\/19\/kannylaturit-pehmojen-sisalla\/16-kirveen-terasuoja\/'><img loading=\"lazy\" decoding=\"async\" width=\"150\" height=\"150\" src=\"https:\/\/blog.edu.turku.fi\/puolalats8\/files\/2014\/03\/16.-kirveen-terasuoja-150x150.jpg\" class=\"attachment-thumbnail size-thumbnail\" alt=\"\" \/><\/a>\n\t\t\t<\/dt><\/dl><dl class='gallery-item'>\n\t\t\t<dt class='gallery-icon landscape'>\n\t\t\t\t<a href='https:\/\/blog.edu.turku.fi\/puolalats8\/2014\/03\/19\/kannylaturit-pehmojen-sisalla\/17-kirveen-terasuoja\/'><img loading=\"lazy\" decoding=\"async\" width=\"150\" height=\"150\" src=\"https:\/\/blog.edu.turku.fi\/puolalats8\/files\/2014\/03\/17.-kirveen-terasuoja-150x150.jpg\" class=\"attachment-thumbnail size-thumbnail\" alt=\"\" \/><\/a>\n\t\t\t<\/dt><\/dl><dl class='gallery-item'>\n\t\t\t<dt class='gallery-icon landscape'>\n\t\t\t\t<a href='https:\/\/blog.edu.turku.fi\/puolalats8\/2014\/03\/19\/kannylaturit-pehmojen-sisalla\/18-kirveen-terasuoja\/'><img loading=\"lazy\" decoding=\"async\" width=\"150\" height=\"150\" src=\"https:\/\/blog.edu.turku.fi\/puolalats8\/files\/2014\/03\/18.-kirveen-terasuoja-150x150.jpg\" class=\"attachment-thumbnail size-thumbnail\" alt=\"\" \/><\/a>\n\t\t\t<\/dt><\/dl><br style=\"clear: both\" \/>\n\t\t<\/div>\n<\/p>\n<p>&nbsp;<\/p>\n","protected":false},"excerpt":{"rendered":"<p>Ensimm\u00e4iset k\u00e4nnykk\u00e4laturit pehmokuorineen alkavat valmistua. Martan p\u00f6ll\u00f6 on mielett\u00f6m\u00e4n hieno ja taidokkaasti tehty! Itse laturi piiloutuu suojapussissa p\u00f6ll\u00f6n sis\u00e4\u00e4n ja usb-johto tulee p\u00f6ll\u00f6n nokasta ulos. Latauksen aikana k\u00e4nnykk\u00e4 saa lep\u00e4ill\u00e4 p\u00f6ll\u00f6n siivell\u00e4. &nbsp; &nbsp; &nbsp; KUVIA KOKO PROJEKTISTA T\u00c4SS\u00c4 Idean &hellip; <a href=\"https:\/\/blog.edu.turku.fi\/puolalats8\/2014\/03\/19\/kannylaturit-pehmojen-sisalla\/\">Continue reading <span class=\"meta-nav\">&rarr;<\/span><\/a><\/p>\n","protected":false},"author":61,"featured_media":0,"comment_status":"closed","ping_status":"closed","sticky":false,"template":"","format":"standard","meta":{"footnotes":""},"categories":[171115,170631,4798],"tags":[],"class_list":["post-180","post","type-post","status-publish","format-standard","hentry","category-huovutustyot","category-muuta","category-yleinen"],"_links":{"self":[{"href":"https:\/\/blog.edu.turku.fi\/puolalats8\/wp-json\/wp\/v2\/posts\/180","targetHints":{"allow":["GET"]}}],"collection":[{"href":"https:\/\/blog.edu.turku.fi\/puolalats8\/wp-json\/wp\/v2\/posts"}],"about":[{"href":"https:\/\/blog.edu.turku.fi\/puolalats8\/wp-json\/wp\/v2\/types\/post"}],"author":[{"embeddable":true,"href":"https:\/\/blog.edu.turku.fi\/puolalats8\/wp-json\/wp\/v2\/users\/61"}],"replies":[{"embeddable":true,"href":"https:\/\/blog.edu.turku.fi\/puolalats8\/wp-json\/wp\/v2\/comments?post=180"}],"version-history":[{"count":13,"href":"https:\/\/blog.edu.turku.fi\/puolalats8\/wp-json\/wp\/v2\/posts\/180\/revisions"}],"predecessor-version":[{"id":231,"href":"https:\/\/blog.edu.turku.fi\/puolalats8\/wp-json\/wp\/v2\/posts\/180\/revisions\/231"}],"wp:attachment":[{"href":"https:\/\/blog.edu.turku.fi\/puolalats8\/wp-json\/wp\/v2\/media?parent=180"}],"wp:term":[{"taxonomy":"category","embeddable":true,"href":"https:\/\/blog.edu.turku.fi\/puolalats8\/wp-json\/wp\/v2\/categories?post=180"},{"taxonomy":"post_tag","embeddable":true,"href":"https:\/\/blog.edu.turku.fi\/puolalats8\/wp-json\/wp\/v2\/tags?post=180"}],"curies":[{"name":"wp","href":"https:\/\/api.w.org\/{rel}","templated":true}]}}