{"id":158,"date":"2013-12-03T09:06:05","date_gmt":"2013-12-03T07:06:05","guid":{"rendered":"https:\/\/blog.edu.turku.fi\/puolalats8\/?p=158"},"modified":"2016-12-12T14:15:17","modified_gmt":"2016-12-12T12:15:17","slug":"minun-piponi-ja-huvini","status":"publish","type":"post","link":"https:\/\/blog.edu.turku.fi\/puolalats8\/2013\/12\/03\/minun-piponi-ja-huvini\/","title":{"rendered":"Minun piponi ja huvini :)"},"content":{"rendered":"<p>Aloitin k\u00e4sity\u00f6t t\u00e4n\u00e4 vuonna neulomalla tuubihuivin. Sen tekeminen oli mukavaa, eik\u00e4 liian vaikeaa. Neuloin sen joustinneuleella. Aluksi se oli v\u00e4h\u00e4n hankalaa, mutta pian sain rytmist\u00e4 kiinni. Huivin loppusuoralla p\u00e4\u00e4tin neuloa sen kaveriksi pipon.\u00a0Suunnittelin palmikollisen pipon samalla kun lopettelin huivin. Jotta pipo ja huivi sopisivat hyvin yhteen, p\u00e4\u00e4tin neuloa pipon samasta langasta kuin huivin.<\/p>\n<p>En ollut ennen tehnyt pipoa, joten olin innoissani.\u00a0Pipon tekeminen oli hauskaa, muttei kuitenkaan liian helppoa eik\u00e4 liian vaikeaa. Mielest\u00e4ni tein hienon pipon ensikertalaiseksi ja se sopii oikein hyvin tuubihuivin kanssa. Nyt minulla on uudet ja l\u00e4mpiv\u00e4t talvivaatteet! \ud83d\ude00<a href=\"https:\/\/blog.edu.turku.fi\/puolalats8\/files\/2013\/12\/Iidan-pipo-ja-huivi.jpg\"><img loading=\"lazy\" decoding=\"async\" class=\"alignleft size-full wp-image-159\" alt=\"Iidan pipo ja huivi\" src=\"https:\/\/blog.edu.turku.fi\/puolalats8\/files\/2013\/12\/Iidan-pipo-ja-huivi.jpg\" width=\"800\" height=\"600\" srcset=\"https:\/\/blog.edu.turku.fi\/puolalats8\/files\/2013\/12\/Iidan-pipo-ja-huivi.jpg 800w, https:\/\/blog.edu.turku.fi\/puolalats8\/files\/2013\/12\/Iidan-pipo-ja-huivi-300x225.jpg 300w\" sizes=\"auto, (max-width: 800px) 100vw, 800px\" \/><\/a><\/p>\n","protected":false},"excerpt":{"rendered":"<p>Aloitin k\u00e4sity\u00f6t t\u00e4n\u00e4 vuonna neulomalla tuubihuivin. Sen tekeminen oli mukavaa, eik\u00e4 liian vaikeaa. Neuloin sen joustinneuleella. Aluksi se oli v\u00e4h\u00e4n hankalaa, mutta pian sain rytmist\u00e4 kiinni. Huivin loppusuoralla p\u00e4\u00e4tin neuloa sen kaveriksi pipon.\u00a0Suunnittelin palmikollisen pipon samalla kun lopettelin huivin. Jotta &hellip; <a href=\"https:\/\/blog.edu.turku.fi\/puolalats8\/2013\/12\/03\/minun-piponi-ja-huvini\/\">Continue reading <span class=\"meta-nav\">&rarr;<\/span><\/a><\/p>\n","protected":false},"author":757,"featured_media":159,"comment_status":"closed","ping_status":"closed","sticky":false,"template":"","format":"standard","meta":{"footnotes":""},"categories":[170447,4798],"tags":[],"class_list":["post-158","post","type-post","status-publish","format-standard","has-post-thumbnail","hentry","category-lankatyot","category-yleinen"],"_links":{"self":[{"href":"https:\/\/blog.edu.turku.fi\/puolalats8\/wp-json\/wp\/v2\/posts\/158","targetHints":{"allow":["GET"]}}],"collection":[{"href":"https:\/\/blog.edu.turku.fi\/puolalats8\/wp-json\/wp\/v2\/posts"}],"about":[{"href":"https:\/\/blog.edu.turku.fi\/puolalats8\/wp-json\/wp\/v2\/types\/post"}],"author":[{"embeddable":true,"href":"https:\/\/blog.edu.turku.fi\/puolalats8\/wp-json\/wp\/v2\/users\/757"}],"replies":[{"embeddable":true,"href":"https:\/\/blog.edu.turku.fi\/puolalats8\/wp-json\/wp\/v2\/comments?post=158"}],"version-history":[{"count":2,"href":"https:\/\/blog.edu.turku.fi\/puolalats8\/wp-json\/wp\/v2\/posts\/158\/revisions"}],"predecessor-version":[{"id":162,"href":"https:\/\/blog.edu.turku.fi\/puolalats8\/wp-json\/wp\/v2\/posts\/158\/revisions\/162"}],"wp:featuredmedia":[{"embeddable":true,"href":"https:\/\/blog.edu.turku.fi\/puolalats8\/wp-json\/wp\/v2\/media\/159"}],"wp:attachment":[{"href":"https:\/\/blog.edu.turku.fi\/puolalats8\/wp-json\/wp\/v2\/media?parent=158"}],"wp:term":[{"taxonomy":"category","embeddable":true,"href":"https:\/\/blog.edu.turku.fi\/puolalats8\/wp-json\/wp\/v2\/categories?post=158"},{"taxonomy":"post_tag","embeddable":true,"href":"https:\/\/blog.edu.turku.fi\/puolalats8\/wp-json\/wp\/v2\/tags?post=158"}],"curies":[{"name":"wp","href":"https:\/\/api.w.org\/{rel}","templated":true}]}}