{"id":995,"date":"2015-04-24T14:31:33","date_gmt":"2015-04-24T11:31:33","guid":{"rendered":"https:\/\/blog.edu.turku.fi\/puolalats7\/?p=995"},"modified":"2016-12-12T13:01:27","modified_gmt":"2016-12-12T11:01:27","slug":"vaatevallankumous","status":"publish","type":"post","link":"https:\/\/blog.edu.turku.fi\/puolalats7\/2015\/04\/24\/vaatevallankumous\/","title":{"rendered":"Vaatevallankumous"},"content":{"rendered":"<p>Kuluneella viikolla katsoimme oppituntien aluksi <a title=\"Kahden vaatetehtaan tuhoutuminen Bangladeshissa\" href=\"http:\/\/www.aljazeera.com\/programmes\/faultlines\/2013\/08\/201382611617275364.html\" target=\"_blank\">video<\/a>n ja pohdimme vaateteollisuuden ongelmakohtia.<br \/>\nOppilaat selvittiv\u00e4t mist\u00e4 materiaaleista heid\u00e4n vaatteensa ovat valmistetut ja mist\u00e4 ne tulevat. S-talon ilmoitustaululuille alkoi ilmestym\u00e4\u00e4n luokkien kollaaseja.<br \/>\n<a href=\"https:\/\/blog.edu.turku.fi\/puolalats7\/files\/2015\/04\/Vaatteeni-tulevat.jpg\"><img loading=\"lazy\" decoding=\"async\" class=\"alignleft size-full wp-image-999\" src=\"https:\/\/blog.edu.turku.fi\/puolalats7\/files\/2015\/04\/Vaatteeni-tulevat.jpg\" alt=\"Vaatteeni tulevat\" width=\"1000\" height=\"750\" srcset=\"https:\/\/blog.edu.turku.fi\/puolalats7\/files\/2015\/04\/Vaatteeni-tulevat.jpg 1000w, https:\/\/blog.edu.turku.fi\/puolalats7\/files\/2015\/04\/Vaatteeni-tulevat-300x225.jpg 300w\" sizes=\"auto, (max-width: 1000px) 100vw, 1000px\" \/><\/a>Oppilaat tutkivat nauhaa johon oli ripustettu kuvia ja tekstej\u00e4 farkkujen valmistuksesta, alkaen siit\u00e4, kun viljelij\u00e4 ostaa puuvillan siemenet ja loppuen siihen, kun farkut ovat kaupan hyllyll\u00e4. Tied\u00e4tk\u00f6 miksi sinun farkkusi ovat tarvinneet\u00a0teurastajan nylkem\u00e4\u00e4n lehm\u00e4n? Tai miten hiekkapuhallus vaikuttaa huonosti suojattujen ty\u00f6ntekij\u00f6iden hengitykseen?<\/p>\n<p><a href=\"https:\/\/blog.edu.turku.fi\/puolalats7\/files\/2015\/04\/Kuka-tekee-farkkusi.jpg\"><img loading=\"lazy\" decoding=\"async\" class=\"alignleft size-full wp-image-998\" src=\"https:\/\/blog.edu.turku.fi\/puolalats7\/files\/2015\/04\/Kuka-tekee-farkkusi.jpg\" alt=\"Kuka tekee farkkusi\" width=\"1000\" height=\"750\" srcset=\"https:\/\/blog.edu.turku.fi\/puolalats7\/files\/2015\/04\/Kuka-tekee-farkkusi.jpg 1000w, https:\/\/blog.edu.turku.fi\/puolalats7\/files\/2015\/04\/Kuka-tekee-farkkusi-300x225.jpg 300w\" sizes=\"auto, (max-width: 1000px) 100vw, 1000px\" \/><\/a><\/p>\n<p>Farkkujen tuotentoketjun ovat visualisoineet Livian ammattiopiston opiskelijat osaksi Valoniassa 2014 ollutta n\u00e4yttely\u00e4: &#8221;Vaate EI tule kaupasta&#8221;. N\u00e4yttelyn materiaaleja ja tietoiskuja vaateteollisuuden vaikutuksista aina kierr\u00e4tyskysymyksiin saakka on eri kerroksissa S-talon ilmotustauluilla ja vitriineiss\u00e4.<\/p>\n\n\t\t<style type=\"text\/css\">\n\t\t\t#gallery-1 {\n\t\t\t\tmargin: auto;\n\t\t\t}\n\t\t\t#gallery-1 .gallery-item {\n\t\t\t\tfloat: left;\n\t\t\t\tmargin-top: 10px;\n\t\t\t\ttext-align: center;\n\t\t\t\twidth: 33%;\n\t\t\t}\n\t\t\t#gallery-1 img {\n\t\t\t\tborder: 2px solid #cfcfcf;\n\t\t\t}\n\t\t\t#gallery-1 .gallery-caption {\n\t\t\t\tmargin-left: 0;\n\t\t\t}\n\t\t\t\/* see gallery_shortcode() in wp-includes\/media.php *\/\n\t\t<\/style>\n\t\t<div id='gallery-1' class='gallery galleryid-995 gallery-columns-3 gallery-size-thumbnail'><dl class='gallery-item'>\n\t\t\t<dt class='gallery-icon landscape'>\n\t\t\t\t<a href='https:\/\/blog.edu.turku.fi\/puolalats7\/2015\/04\/24\/vaatevallankumous\/vaateteollisuuden-vaikutukset\/'><img loading=\"lazy\" decoding=\"async\" width=\"150\" height=\"150\" src=\"https:\/\/blog.edu.turku.fi\/puolalats7\/files\/2015\/04\/Vaateteollisuuden-vaikutukset-150x150.jpg\" class=\"attachment-thumbnail size-thumbnail\" alt=\"\" aria-describedby=\"gallery-1-1000\" \/><\/a>\n\t\t\t<\/dt>\n\t\t\t\t<dd class='wp-caption-text gallery-caption' id='gallery-1-1000'>\n\t\t\t\tVaateteollisuuden tuotantovaikutuksia\n\t\t\t\t<\/dd><\/dl><dl class='gallery-item'>\n\t\t\t<dt class='gallery-icon landscape'>\n\t\t\t\t<a href='https:\/\/blog.edu.turku.fi\/puolalats7\/2015\/04\/24\/vaatevallankumous\/farkkujen-tekijat\/'><img loading=\"lazy\" decoding=\"async\" width=\"150\" height=\"150\" src=\"https:\/\/blog.edu.turku.fi\/puolalats7\/files\/2015\/04\/Farkkujen-tekijat-150x150.jpg\" class=\"attachment-thumbnail size-thumbnail\" alt=\"\" aria-describedby=\"gallery-1-996\" \/><\/a>\n\t\t\t<\/dt>\n\t\t\t\t<dd class='wp-caption-text gallery-caption' id='gallery-1-996'>\n\t\t\t\t Tutkimassa farkkujen tuotantoketjua\n\t\t\t\t<\/dd><\/dl><dl class='gallery-item'>\n\t\t\t<dt class='gallery-icon landscape'>\n\t\t\t\t<a href='https:\/\/blog.edu.turku.fi\/puolalats7\/2015\/04\/24\/vaatevallankumous\/fashionrevolutioninpuolalaschool\/'><img loading=\"lazy\" decoding=\"async\" width=\"150\" height=\"150\" src=\"https:\/\/blog.edu.turku.fi\/puolalats7\/files\/2015\/04\/FashionRevolutionInPuolalaSchool-150x150.jpg\" class=\"attachment-thumbnail size-thumbnail\" alt=\"\" aria-describedby=\"gallery-1-997\" \/><\/a>\n\t\t\t<\/dt>\n\t\t\t\t<dd class='wp-caption-text gallery-caption' id='gallery-1-997'>\n\t\t\t\tKannustus k\u00e4\u00e4nt\u00e4\u00e4 nuttu nurin ja olla tietoinen mist\u00e4 vaate tulee\n\t\t\t\t<\/dd><\/dl><br style=\"clear: both\" \/>\n\t\t<\/div>\n\n","protected":false},"excerpt":{"rendered":"<p>Kuluneella viikolla katsoimme oppituntien aluksi videon ja pohdimme vaateteollisuuden ongelmakohtia. Oppilaat selvittiv\u00e4t mist\u00e4 materiaaleista heid\u00e4n vaatteensa ovat valmistetut ja mist\u00e4 ne tulevat. S-talon ilmoitustaululuille alkoi ilmestym\u00e4\u00e4n luokkien kollaaseja. Oppilaat tutkivat nauhaa johon oli ripustettu kuvia ja tekstej\u00e4 farkkujen valmistuksesta, alkaen &hellip; <a href=\"https:\/\/blog.edu.turku.fi\/puolalats7\/2015\/04\/24\/vaatevallankumous\/\">Continue reading <span class=\"meta-nav\">&rarr;<\/span><\/a><\/p>\n","protected":false},"author":61,"featured_media":0,"comment_status":"closed","ping_status":"closed","sticky":false,"template":"","format":"standard","meta":{"footnotes":""},"categories":[170630,4798],"tags":[],"class_list":["post-995","post","type-post","status-publish","format-standard","hentry","category-kuitu-ja-kuluttajatietous","category-yleinen"],"_links":{"self":[{"href":"https:\/\/blog.edu.turku.fi\/puolalats7\/wp-json\/wp\/v2\/posts\/995","targetHints":{"allow":["GET"]}}],"collection":[{"href":"https:\/\/blog.edu.turku.fi\/puolalats7\/wp-json\/wp\/v2\/posts"}],"about":[{"href":"https:\/\/blog.edu.turku.fi\/puolalats7\/wp-json\/wp\/v2\/types\/post"}],"author":[{"embeddable":true,"href":"https:\/\/blog.edu.turku.fi\/puolalats7\/wp-json\/wp\/v2\/users\/61"}],"replies":[{"embeddable":true,"href":"https:\/\/blog.edu.turku.fi\/puolalats7\/wp-json\/wp\/v2\/comments?post=995"}],"version-history":[{"count":8,"href":"https:\/\/blog.edu.turku.fi\/puolalats7\/wp-json\/wp\/v2\/posts\/995\/revisions"}],"predecessor-version":[{"id":1008,"href":"https:\/\/blog.edu.turku.fi\/puolalats7\/wp-json\/wp\/v2\/posts\/995\/revisions\/1008"}],"wp:attachment":[{"href":"https:\/\/blog.edu.turku.fi\/puolalats7\/wp-json\/wp\/v2\/media?parent=995"}],"wp:term":[{"taxonomy":"category","embeddable":true,"href":"https:\/\/blog.edu.turku.fi\/puolalats7\/wp-json\/wp\/v2\/categories?post=995"},{"taxonomy":"post_tag","embeddable":true,"href":"https:\/\/blog.edu.turku.fi\/puolalats7\/wp-json\/wp\/v2\/tags?post=995"}],"curies":[{"name":"wp","href":"https:\/\/api.w.org\/{rel}","templated":true}]}}