{"id":3912,"date":"2025-05-31T05:10:24","date_gmt":"2025-05-31T02:10:24","guid":{"rendered":"https:\/\/blog.edu.turku.fi\/puolala-vuosikertomus\/?p=3912"},"modified":"2025-05-31T14:29:21","modified_gmt":"2025-05-31T11:29:21","slug":"ylakoulun-kevatjuhla","status":"publish","type":"post","link":"https:\/\/blog.edu.turku.fi\/puolala-vuosikertomus\/2025\/05\/31\/ylakoulun-kevatjuhla\/","title":{"rendered":"Yl\u00e4koulun kev\u00e4tjuhla"},"content":{"rendered":"<p><a href=\"https:\/\/blog.edu.turku.fi\/puolala-vuosikertomus\/files\/2025\/05\/20250531_084148.jpg\"><img loading=\"lazy\" decoding=\"async\" class=\"aligncenter size-large wp-image-3932\" src=\"https:\/\/blog.edu.turku.fi\/puolala-vuosikertomus\/files\/2025\/05\/20250531_084148-1000x750.jpg\" alt=\"\" width=\"1000\" height=\"750\" srcset=\"https:\/\/blog.edu.turku.fi\/puolala-vuosikertomus\/files\/2025\/05\/20250531_084148-1000x750.jpg 1000w, https:\/\/blog.edu.turku.fi\/puolala-vuosikertomus\/files\/2025\/05\/20250531_084148-300x225.jpg 300w, https:\/\/blog.edu.turku.fi\/puolala-vuosikertomus\/files\/2025\/05\/20250531_084148.jpg 900w\" sizes=\"auto, (max-width: 767px) 89vw, (max-width: 1000px) 54vw, (max-width: 1071px) 543px, 580px\" \/><\/a><\/p>\n<p>Lauantaina 31.5 kokoonnuimme perinteiseen kev\u00e4tjuhlaamme Turun konserttitalolle. Musiikkiesityksist\u00e4 vastasivat 9e Canticum-kuoro ja Magnifico-lauluyhtye. Lada Gusarova piti yhdeks\u00e4sluokkalaisen puheen nostaen esiin oman oppimisen t\u00e4rkeyden ja tiedonk\u00e4sittelyn taidot aikana, jona ty\u00f6n voi my\u00f6s langettaa teko\u00e4lylle. Vararehtori Meija Peltonen kannusti nuoria ottamaan tulevat haasteet vastaan luottaen omiin taitoihin.<\/p>\n<p>Aluksi juhlav\u00e4ki lauloi Varsinaissuomalaisen laulun ja lopuksi Suvivirren koulun oman orkesterin s\u00e4est\u00e4m\u00e4n\u00e4.<\/p>\n<p>&nbsp;<\/p>\n<div id='gallery-1' class='gallery galleryid-3912 gallery-columns-3 gallery-size-thumbnail'><figure class='gallery-item'>\n\t\t\t<div class='gallery-icon portrait'>\n\t\t\t\t<a href='https:\/\/blog.edu.turku.fi\/puolala-vuosikertomus\/files\/2025\/05\/kasiohjelma.png'><img loading=\"lazy\" decoding=\"async\" width=\"150\" height=\"150\" src=\"https:\/\/blog.edu.turku.fi\/puolala-vuosikertomus\/files\/2025\/05\/kasiohjelma-150x150.png\" class=\"attachment-thumbnail size-thumbnail\" alt=\"Kuvassa mustavalkoinen k\u00e4siohjelma jossa on merkittyn\u00e4 kuoron esitt\u00e4m\u00e4t kappaleet solisteineen ja puheiden pit\u00e4j\u00e4t ja yhteislaulut.\" sizes=\"auto, 100vw\" \/><\/a>\n\t\t\t<\/div><\/figure><figure class='gallery-item'>\n\t\t\t<div class='gallery-icon landscape'>\n\t\t\t\t<a href='https:\/\/blog.edu.turku.fi\/puolala-vuosikertomus\/files\/2025\/05\/20250531_084046.jpg'><img loading=\"lazy\" decoding=\"async\" width=\"150\" height=\"150\" src=\"https:\/\/blog.edu.turku.fi\/puolala-vuosikertomus\/files\/2025\/05\/20250531_084046-150x150.jpg\" class=\"attachment-thumbnail size-thumbnail\" alt=\"kuva otettu konserttisalin puoliv\u00e4list\u00e4 kohti lavaa. Yleis\u00f6n\u00e4 kuvassa koko yl\u00e4koulu. Lavalla kuoro.\" sizes=\"auto, 100vw\" \/><\/a>\n\t\t\t<\/div><\/figure><figure class='gallery-item'>\n\t\t\t<div class='gallery-icon landscape'>\n\t\t\t\t<a href='https:\/\/blog.edu.turku.fi\/puolala-vuosikertomus\/files\/2025\/05\/koivu1.jpg'><img loading=\"lazy\" decoding=\"async\" width=\"150\" height=\"150\" src=\"https:\/\/blog.edu.turku.fi\/puolala-vuosikertomus\/files\/2025\/05\/koivu1-150x150.jpg\" class=\"attachment-thumbnail size-thumbnail\" alt=\"Kuvassa kaksi koivunrunkoa ja lehti\u00e4, jotka n\u00e4kyiv\u00e4t juhlan ajan heijastettuna lavan taustaksi.\" sizes=\"auto, 100vw\" \/><\/a>\n\t\t\t<\/div><\/figure>\n\t\t<\/div>\n\n","protected":false},"excerpt":{"rendered":"<p>Lauantaina 31.5 kokoonnuimme perinteiseen kev\u00e4tjuhlaamme Turun konserttitalolle. Musiikkiesityksist\u00e4 vastasivat 9e Canticum-kuoro ja Magnifico-lauluyhtye. Lada Gusarova piti yhdeks\u00e4sluokkalaisen puheen nostaen esiin oman oppimisen t\u00e4rkeyden ja tiedonk\u00e4sittelyn taidot aikana, jona ty\u00f6n voi my\u00f6s langettaa teko\u00e4lylle. Vararehtori Meija Peltonen kannusti nuoria ottamaan tulevat haasteet vastaan luottaen omiin taitoihin. Aluksi juhlav\u00e4ki lauloi Varsinaissuomalaisen laulun ja lopuksi Suvivirren koulun oman &hellip; <\/p>\n<p class=\"link-more\"><a href=\"https:\/\/blog.edu.turku.fi\/puolala-vuosikertomus\/2025\/05\/31\/ylakoulun-kevatjuhla\/\" class=\"more-link\">Jatka lukemista<span class=\"screen-reader-text\"> &#8221;Yl\u00e4koulun kev\u00e4tjuhla&#8221;<\/span><\/a><\/p>\n","protected":false},"author":61,"featured_media":0,"comment_status":"closed","ping_status":"closed","sticky":false,"template":"","format":"standard","meta":{"footnotes":""},"categories":[4798],"tags":[],"class_list":["post-3912","post","type-post","status-publish","format-standard","hentry","category-yleinen"],"_links":{"self":[{"href":"https:\/\/blog.edu.turku.fi\/puolala-vuosikertomus\/wp-json\/wp\/v2\/posts\/3912","targetHints":{"allow":["GET"]}}],"collection":[{"href":"https:\/\/blog.edu.turku.fi\/puolala-vuosikertomus\/wp-json\/wp\/v2\/posts"}],"about":[{"href":"https:\/\/blog.edu.turku.fi\/puolala-vuosikertomus\/wp-json\/wp\/v2\/types\/post"}],"author":[{"embeddable":true,"href":"https:\/\/blog.edu.turku.fi\/puolala-vuosikertomus\/wp-json\/wp\/v2\/users\/61"}],"replies":[{"embeddable":true,"href":"https:\/\/blog.edu.turku.fi\/puolala-vuosikertomus\/wp-json\/wp\/v2\/comments?post=3912"}],"version-history":[{"count":3,"href":"https:\/\/blog.edu.turku.fi\/puolala-vuosikertomus\/wp-json\/wp\/v2\/posts\/3912\/revisions"}],"predecessor-version":[{"id":3931,"href":"https:\/\/blog.edu.turku.fi\/puolala-vuosikertomus\/wp-json\/wp\/v2\/posts\/3912\/revisions\/3931"}],"wp:attachment":[{"href":"https:\/\/blog.edu.turku.fi\/puolala-vuosikertomus\/wp-json\/wp\/v2\/media?parent=3912"}],"wp:term":[{"taxonomy":"category","embeddable":true,"href":"https:\/\/blog.edu.turku.fi\/puolala-vuosikertomus\/wp-json\/wp\/v2\/categories?post=3912"},{"taxonomy":"post_tag","embeddable":true,"href":"https:\/\/blog.edu.turku.fi\/puolala-vuosikertomus\/wp-json\/wp\/v2\/tags?post=3912"}],"curies":[{"name":"wp","href":"https:\/\/api.w.org\/{rel}","templated":true}]}}