{"id":11,"date":"2017-08-13T13:48:05","date_gmt":"2017-08-13T10:48:05","guid":{"rendered":"https:\/\/blog.edu.turku.fi\/paussi\/?p=11"},"modified":"2017-09-14T08:41:21","modified_gmt":"2017-09-14T05:41:21","slug":"lukuvuosistartti-2017","status":"publish","type":"post","link":"https:\/\/blog.edu.turku.fi\/potkuri\/2017\/08\/13\/lukuvuosistartti-2017\/","title":{"rendered":"Lukuvuosistartti 2017"},"content":{"rendered":"<blockquote><p><span style=\"font-size: 11.0pt;font-family: 'Arial',sans-serif\">On vaikeampi sanoa, miss\u00e4 maailma on 20 vuoden p\u00e4\u00e4st\u00e4, kuin mit\u00e4 se on ollut aikaisemmin. T\u00e4m\u00e4 johtaa siihen, mink\u00e4laisia kyvykkyyksi\u00e4 me tarvitsemme: jokainen ihminen tarvitsee kyvykkyytt\u00e4 johtaa omaa oppimistaan \u2013 mit\u00e4, miten ja miss\u00e4 itse oppii ja koko ajan kehitt\u00e4\u00e4 itse\u00e4\u00e4n<\/span><\/p><\/blockquote>\n<p><span style=\"font-size: 11.0pt;font-family: 'Arial',sans-serif\">&#8212; Mika Aaltonen, tutkimusjohtaja, FCG<\/span><\/p>\n<p><span style=\"font-size: 11.0pt;font-family: 'Arial',sans-serif\">Perusopetuksen rehtorit aloittivat lukukauden elokuun alussa. Kurkkaahan alla olevasta videosta ja podcastista, mitk\u00e4 tuulet puhaltavat t\u00e4n\u00e4 lukukautena.<\/span><\/p>\n<p><span style=\"font-size: 11.0pt;font-family: 'Arial',sans-serif\">Toimialajohtaja Timo Jalonen sivistystoimialan uusista tuulista lukuvuodelle 2017-18:<\/span><\/p>\n<p><iframe loading=\"lazy\" title=\"Timo Jalonen: lukuvuoden 2017-18 uudet tuulet by Perusopetus Turku\" width=\"750\" height=\"400\" scrolling=\"no\" frameborder=\"no\" src=\"https:\/\/w.soundcloud.com\/player\/?visual=true&#038;url=https%3A%2F%2Fapi.soundcloud.com%2Ftracks%2F339138495&#038;show_artwork=true&#038;maxheight=1000&#038;maxwidth=750\"><\/iframe><\/p>\n<p><span style=\"font-size: 11.0pt;font-family: 'Arial',sans-serif\">Palvelualuejohtaja Tommi Tuominen avaa lukuvuoden keih\u00e4\u00e4nk\u00e4rki\u00e4:<\/span><\/p>\n<p><iframe loading=\"lazy\" title=\"Lukuvuosistartti 2017\" width=\"750\" height=\"422\" src=\"https:\/\/www.youtube.com\/embed\/-EnFFt2pA-A?start=2&#038;feature=oembed\" frameborder=\"0\" allow=\"accelerometer; autoplay; clipboard-write; encrypted-media; gyroscope; picture-in-picture; web-share\" referrerpolicy=\"strict-origin-when-cross-origin\" allowfullscreen><\/iframe><\/p>\n","protected":false},"excerpt":{"rendered":"<p>On vaikeampi sanoa, miss\u00e4 maailma on 20 vuoden p\u00e4\u00e4st\u00e4, kuin mit\u00e4 se on ollut aikaisemmin. T\u00e4m\u00e4 johtaa siihen, mink\u00e4laisia kyvykkyyksi\u00e4 me tarvitsemme: jokainen ihminen tarvitsee kyvykkyytt\u00e4 johtaa omaa oppimistaan \u2013 mit\u00e4, miten ja miss\u00e4 itse oppii ja koko ajan kehitt\u00e4\u00e4<\/p>\n","protected":false},"author":2298,"featured_media":0,"comment_status":"closed","ping_status":"closed","sticky":false,"template":"","format":"standard","meta":{"footnotes":""},"categories":[4798],"tags":[193221],"class_list":["post-11","post","type-post","status-publish","format-standard","hentry","category-yleinen","tag-keihaankarjet"],"_links":{"self":[{"href":"https:\/\/blog.edu.turku.fi\/potkuri\/wp-json\/wp\/v2\/posts\/11","targetHints":{"allow":["GET"]}}],"collection":[{"href":"https:\/\/blog.edu.turku.fi\/potkuri\/wp-json\/wp\/v2\/posts"}],"about":[{"href":"https:\/\/blog.edu.turku.fi\/potkuri\/wp-json\/wp\/v2\/types\/post"}],"author":[{"embeddable":true,"href":"https:\/\/blog.edu.turku.fi\/potkuri\/wp-json\/wp\/v2\/users\/2298"}],"replies":[{"embeddable":true,"href":"https:\/\/blog.edu.turku.fi\/potkuri\/wp-json\/wp\/v2\/comments?post=11"}],"version-history":[{"count":3,"href":"https:\/\/blog.edu.turku.fi\/potkuri\/wp-json\/wp\/v2\/posts\/11\/revisions"}],"predecessor-version":[{"id":27,"href":"https:\/\/blog.edu.turku.fi\/potkuri\/wp-json\/wp\/v2\/posts\/11\/revisions\/27"}],"wp:attachment":[{"href":"https:\/\/blog.edu.turku.fi\/potkuri\/wp-json\/wp\/v2\/media?parent=11"}],"wp:term":[{"taxonomy":"category","embeddable":true,"href":"https:\/\/blog.edu.turku.fi\/potkuri\/wp-json\/wp\/v2\/categories?post=11"},{"taxonomy":"post_tag","embeddable":true,"href":"https:\/\/blog.edu.turku.fi\/potkuri\/wp-json\/wp\/v2\/tags?post=11"}],"curies":[{"name":"wp","href":"https:\/\/api.w.org\/{rel}","templated":true}]}}