{"id":578,"date":"2026-02-10T09:46:52","date_gmt":"2026-02-10T07:46:52","guid":{"rendered":"https:\/\/blog.edu.turku.fi\/paaskyvuorenphy\/?p=578"},"modified":"2026-02-10T09:46:52","modified_gmt":"2026-02-10T07:46:52","slug":"yhteisymmarrysviikko-helmikuussa","status":"publish","type":"post","link":"https:\/\/blog.edu.turku.fi\/paaskyvuorenphy\/2026\/02\/10\/yhteisymmarrysviikko-helmikuussa\/","title":{"rendered":"Yhteisymm\u00e4rrysviikko helmikuussa"},"content":{"rendered":"<p><a href=\"https:\/\/blog.edu.turku.fi\/paaskyvuorenphy\/files\/2026\/02\/yhteisymmarrysviikko.png\">\u00a0 <img loading=\"lazy\" decoding=\"async\" class=\"wp-image-580 aligncenter\" src=\"https:\/\/blog.edu.turku.fi\/paaskyvuorenphy\/files\/2026\/02\/yhteisymmarrysviikko-300x300.png\" alt=\"\" width=\"234\" height=\"234\" srcset=\"https:\/\/blog.edu.turku.fi\/paaskyvuorenphy\/files\/2026\/02\/yhteisymmarrysviikko.png 300w, https:\/\/blog.edu.turku.fi\/paaskyvuorenphy\/files\/2026\/02\/yhteisymmarrysviikko-150x150.png 150w\" sizes=\"auto, (max-width: 234px) 85vw, 234px\" \/><\/a>YK:n kansainv\u00e4list\u00e4 uskontojen ja katsomusten yhteisymm\u00e4rrysviikkoa juhlitaan vuosittain helmikuun ensimm\u00e4isell\u00e4 viikolla. Vuositeema 2026 on Yhdess\u00e4 muutoksen keskell\u00e4. YK:n kansainv\u00e4lisell\u00e4 uskontojen ja katsomusten yhteisymm\u00e4rrysviikolla (World Interfaith Harmony Week) j\u00e4rjestet\u00e4\u00e4n yhteisymm\u00e4rryst\u00e4 edist\u00e4vi\u00e4 tapahtumia.<\/p>\n<p>Pakkasten paukkuessa P\u00e4\u00e4skyvuoren p\u00e4iv\u00e4kotikin osallistui t\u00e4h\u00e4n viikkoon. Lapset tutustuivat Nooan arkki -tarinaan, el\u00e4imiin, yst\u00e4vyyteen ja yhdess\u00e4 tekemiseen.<\/p>\n<p style=\"text-align: left\"><a href=\"https:\/\/blog.edu.turku.fi\/paaskyvuorenphy\/files\/2026\/02\/Nooanarkki1.jpeg\"><img loading=\"lazy\" decoding=\"async\" class=\"size-medium wp-image-582 aligncenter\" src=\"https:\/\/blog.edu.turku.fi\/paaskyvuorenphy\/files\/2026\/02\/Nooanarkki1-225x300.jpeg\" alt=\"\" width=\"225\" height=\"300\" srcset=\"https:\/\/blog.edu.turku.fi\/paaskyvuorenphy\/files\/2026\/02\/Nooanarkki1-225x300.jpeg 225w, https:\/\/blog.edu.turku.fi\/paaskyvuorenphy\/files\/2026\/02\/Nooanarkki1.jpeg 600w\" sizes=\"auto, (max-width: 225px) 85vw, 225px\" \/><\/a>5-6. vuotiaat tekiv\u00e4t teatteriretken Varissuon kirkolle. Kaksi Koota oli valmistanut upean n\u00e4ytelm\u00e4n Nooan arkin rakentamisesta.<\/p>\n<p>Lapset saivat sijoittaa etuk\u00e4teen askartelemansa el\u00e4imet arkkiin.<\/p>\n<p style=\"text-align: center\"><a href=\"https:\/\/blog.edu.turku.fi\/paaskyvuorenphy\/files\/2026\/02\/Nooanarkki2.jpeg\"><img loading=\"lazy\" decoding=\"async\" class=\"wp-image-581 aligncenter\" src=\"https:\/\/blog.edu.turku.fi\/paaskyvuorenphy\/files\/2026\/02\/Nooanarkki2-300x225.jpeg\" alt=\"\" width=\"492\" height=\"369\" srcset=\"https:\/\/blog.edu.turku.fi\/paaskyvuorenphy\/files\/2026\/02\/Nooanarkki2-300x225.jpeg 300w, https:\/\/blog.edu.turku.fi\/paaskyvuorenphy\/files\/2026\/02\/Nooanarkki2.jpeg 800w\" sizes=\"auto, (max-width: 492px) 85vw, 492px\" \/><\/a><\/p>\n","protected":false},"excerpt":{"rendered":"<p>\u00a0 YK:n kansainv\u00e4list\u00e4 uskontojen ja katsomusten yhteisymm\u00e4rrysviikkoa juhlitaan vuosittain helmikuun ensimm\u00e4isell\u00e4 viikolla. Vuositeema 2026 on Yhdess\u00e4 muutoksen keskell\u00e4. YK:n kansainv\u00e4lisell\u00e4 uskontojen ja katsomusten yhteisymm\u00e4rrysviikolla (World Interfaith Harmony Week) j\u00e4rjestet\u00e4\u00e4n yhteisymm\u00e4rryst\u00e4 edist\u00e4vi\u00e4 tapahtumia. Pakkasten paukkuessa P\u00e4\u00e4skyvuoren p\u00e4iv\u00e4kotikin osallistui t\u00e4h\u00e4n viikkoon. Lapset tutustuivat Nooan arkki -tarinaan, el\u00e4imiin, yst\u00e4vyyteen ja yhdess\u00e4 tekemiseen. 5-6. vuotiaat tekiv\u00e4t teatteriretken Varissuon kirkolle. &hellip; <a href=\"https:\/\/blog.edu.turku.fi\/paaskyvuorenphy\/2026\/02\/10\/yhteisymmarrysviikko-helmikuussa\/\" class=\"more-link\">Jatka lukemista<span class=\"screen-reader-text\"> &#8221;Yhteisymm\u00e4rrysviikko helmikuussa&#8221;<\/span><\/a><\/p>\n","protected":false},"author":2888,"featured_media":0,"comment_status":"closed","ping_status":"closed","sticky":false,"template":"","format":"standard","meta":{"footnotes":""},"categories":[4798],"tags":[],"class_list":["post-578","post","type-post","status-publish","format-standard","hentry","category-yleinen"],"_links":{"self":[{"href":"https:\/\/blog.edu.turku.fi\/paaskyvuorenphy\/wp-json\/wp\/v2\/posts\/578","targetHints":{"allow":["GET"]}}],"collection":[{"href":"https:\/\/blog.edu.turku.fi\/paaskyvuorenphy\/wp-json\/wp\/v2\/posts"}],"about":[{"href":"https:\/\/blog.edu.turku.fi\/paaskyvuorenphy\/wp-json\/wp\/v2\/types\/post"}],"author":[{"embeddable":true,"href":"https:\/\/blog.edu.turku.fi\/paaskyvuorenphy\/wp-json\/wp\/v2\/users\/2888"}],"replies":[{"embeddable":true,"href":"https:\/\/blog.edu.turku.fi\/paaskyvuorenphy\/wp-json\/wp\/v2\/comments?post=578"}],"version-history":[{"count":2,"href":"https:\/\/blog.edu.turku.fi\/paaskyvuorenphy\/wp-json\/wp\/v2\/posts\/578\/revisions"}],"predecessor-version":[{"id":584,"href":"https:\/\/blog.edu.turku.fi\/paaskyvuorenphy\/wp-json\/wp\/v2\/posts\/578\/revisions\/584"}],"wp:attachment":[{"href":"https:\/\/blog.edu.turku.fi\/paaskyvuorenphy\/wp-json\/wp\/v2\/media?parent=578"}],"wp:term":[{"taxonomy":"category","embeddable":true,"href":"https:\/\/blog.edu.turku.fi\/paaskyvuorenphy\/wp-json\/wp\/v2\/categories?post=578"},{"taxonomy":"post_tag","embeddable":true,"href":"https:\/\/blog.edu.turku.fi\/paaskyvuorenphy\/wp-json\/wp\/v2\/tags?post=578"}],"curies":[{"name":"wp","href":"https:\/\/api.w.org\/{rel}","templated":true}]}}