{"id":524,"date":"2023-03-06T20:03:56","date_gmt":"2023-03-06T18:03:56","guid":{"rendered":"https:\/\/blog.edu.turku.fi\/paaskyvuorenphy\/?p=524"},"modified":"2023-03-24T13:40:07","modified_gmt":"2023-03-24T11:40:07","slug":"paaskyvuoren-kalervonkadun-vaistotiloihin","status":"publish","type":"post","link":"https:\/\/blog.edu.turku.fi\/paaskyvuorenphy\/2023\/03\/06\/paaskyvuoren-kalervonkadun-vaistotiloihin\/","title":{"rendered":"P\u00e4\u00e4skyvuoren Kalervonkadun v\u00e4ist\u00f6tiloihin"},"content":{"rendered":"<p>P\u00e4\u00e4skyvuoren p\u00e4iv\u00e4koti siirtyi Keltasirkunpolulta It\u00e4harjun Prisman kupeeseen rakennettuun v\u00e4ist\u00f6tilaan helmikuun puoliv\u00e4liss\u00e4. P\u00e4iv\u00e4kodin uusi osoite on Kalervonkatu 12. Ryhmien ja p\u00e4iv\u00e4kodin johtajan sek\u00e4 varhaiskasvatuksen erityisopettajan yhteystiedot s\u00e4ilyiv\u00e4t ennallaan.<\/p>\n<p style=\"text-align: center\"><a href=\"https:\/\/blog.edu.turku.fi\/paaskyvuorenphy\/files\/2023\/03\/20230228_123943-1.jpg\"><img loading=\"lazy\" decoding=\"async\" class=\"alignnone size-medium wp-image-535\" src=\"https:\/\/blog.edu.turku.fi\/paaskyvuorenphy\/files\/2023\/03\/20230228_123943-1-300x225.jpg\" alt=\"\" width=\"300\" height=\"225\" srcset=\"https:\/\/blog.edu.turku.fi\/paaskyvuorenphy\/files\/2023\/03\/20230228_123943-1-300x225.jpg 300w, https:\/\/blog.edu.turku.fi\/paaskyvuorenphy\/files\/2023\/03\/20230228_123943-1.jpg 800w\" sizes=\"auto, (max-width: 300px) 85vw, 300px\" \/><\/a><\/p>\n<p>&nbsp;<\/p>\n<p>&nbsp;<\/p>\n","protected":false},"excerpt":{"rendered":"<p>P\u00e4\u00e4skyvuoren p\u00e4iv\u00e4koti siirtyi Keltasirkunpolulta It\u00e4harjun Prisman kupeeseen rakennettuun v\u00e4ist\u00f6tilaan helmikuun puoliv\u00e4liss\u00e4. P\u00e4iv\u00e4kodin uusi osoite on Kalervonkatu 12. Ryhmien ja p\u00e4iv\u00e4kodin johtajan sek\u00e4 varhaiskasvatuksen erityisopettajan yhteystiedot s\u00e4ilyiv\u00e4t ennallaan. &nbsp; &nbsp;<\/p>\n","protected":false},"author":2518,"featured_media":0,"comment_status":"closed","ping_status":"closed","sticky":false,"template":"","format":"standard","meta":{"footnotes":""},"categories":[4798],"tags":[],"class_list":["post-524","post","type-post","status-publish","format-standard","hentry","category-yleinen"],"_links":{"self":[{"href":"https:\/\/blog.edu.turku.fi\/paaskyvuorenphy\/wp-json\/wp\/v2\/posts\/524","targetHints":{"allow":["GET"]}}],"collection":[{"href":"https:\/\/blog.edu.turku.fi\/paaskyvuorenphy\/wp-json\/wp\/v2\/posts"}],"about":[{"href":"https:\/\/blog.edu.turku.fi\/paaskyvuorenphy\/wp-json\/wp\/v2\/types\/post"}],"author":[{"embeddable":true,"href":"https:\/\/blog.edu.turku.fi\/paaskyvuorenphy\/wp-json\/wp\/v2\/users\/2518"}],"replies":[{"embeddable":true,"href":"https:\/\/blog.edu.turku.fi\/paaskyvuorenphy\/wp-json\/wp\/v2\/comments?post=524"}],"version-history":[{"count":4,"href":"https:\/\/blog.edu.turku.fi\/paaskyvuorenphy\/wp-json\/wp\/v2\/posts\/524\/revisions"}],"predecessor-version":[{"id":536,"href":"https:\/\/blog.edu.turku.fi\/paaskyvuorenphy\/wp-json\/wp\/v2\/posts\/524\/revisions\/536"}],"wp:attachment":[{"href":"https:\/\/blog.edu.turku.fi\/paaskyvuorenphy\/wp-json\/wp\/v2\/media?parent=524"}],"wp:term":[{"taxonomy":"category","embeddable":true,"href":"https:\/\/blog.edu.turku.fi\/paaskyvuorenphy\/wp-json\/wp\/v2\/categories?post=524"},{"taxonomy":"post_tag","embeddable":true,"href":"https:\/\/blog.edu.turku.fi\/paaskyvuorenphy\/wp-json\/wp\/v2\/tags?post=524"}],"curies":[{"name":"wp","href":"https:\/\/api.w.org\/{rel}","templated":true}]}}