{"id":438,"date":"2022-06-08T09:51:30","date_gmt":"2022-06-08T06:51:30","guid":{"rendered":"https:\/\/blog.edu.turku.fi\/paaskyvuorenphy\/?p=438"},"modified":"2025-11-17T08:30:04","modified_gmt":"2025-11-17T06:30:04","slug":"hyvaa-kesaa","status":"publish","type":"post","link":"https:\/\/blog.edu.turku.fi\/paaskyvuorenphy\/2022\/06\/08\/hyvaa-kesaa\/","title":{"rendered":"Keltasirkunpolun p\u00e4iv\u00e4koti v\u00e4ist\u00f6tiloihin tammikuussa 2023"},"content":{"rendered":"<p>Keltasirkun p\u00e4iv\u00e4koti siirtyy Mikkolanm\u00e4en kent\u00e4lle rakennettaviin v\u00e4ist\u00f6tiloihin alustavan arvion mukaan tammikuussa 2023. P\u00e4iv\u00e4kodin ryhmiss\u00e4 tapahtuu hieman muutoksia jo ensi syksyn\u00e4. Integroitu ryhm\u00e4 siirtyy Varissuolle Piinokankadun p\u00e4iv\u00e4kotiin 1.8.2022 alkaen. Tilalle perustetaan alle 3 v-vuotiaiden ryhm\u00e4.\u00a0 Ensi syksyn\u00e4 P\u00e4\u00e4skyvuoren p\u00e4iv\u00e4kodissa Keltasirkunpolulla on kolme alle 3-vuotiaiden ryhm\u00e4\u00e4 ja kolme 3-5-vuotiaiden ryhm\u00e4\u00e4. P\u00e4\u00e4skyvuoren koululla jatkaa kolme esiopetusryhm\u00e4\u00e4. Seurakunnan kanssa yhteisty\u00f6n\u00e4 toteutettava ulkokerho jatkaa toimintaansa, tapaamispaikkana Jaanin srk-talon piha.<\/p>\n<p>&nbsp;<\/p>\n<p>&nbsp;<\/p>\n<p>&nbsp;<\/p>\n","protected":false},"excerpt":{"rendered":"<p>Keltasirkun p\u00e4iv\u00e4koti siirtyy Mikkolanm\u00e4en kent\u00e4lle rakennettaviin v\u00e4ist\u00f6tiloihin alustavan arvion mukaan tammikuussa 2023. P\u00e4iv\u00e4kodin ryhmiss\u00e4 tapahtuu hieman muutoksia jo ensi syksyn\u00e4. Integroitu ryhm\u00e4 siirtyy Varissuolle Piinokankadun p\u00e4iv\u00e4kotiin 1.8.2022 alkaen. Tilalle perustetaan alle 3 v-vuotiaiden ryhm\u00e4.\u00a0 Ensi syksyn\u00e4 P\u00e4\u00e4skyvuoren p\u00e4iv\u00e4kodissa Keltasirkunpolulla on kolme alle 3-vuotiaiden ryhm\u00e4\u00e4 ja kolme 3-5-vuotiaiden ryhm\u00e4\u00e4. P\u00e4\u00e4skyvuoren koululla jatkaa kolme esiopetusryhm\u00e4\u00e4. Seurakunnan kanssa &hellip; <a href=\"https:\/\/blog.edu.turku.fi\/paaskyvuorenphy\/2022\/06\/08\/hyvaa-kesaa\/\" class=\"more-link\">Jatka lukemista<span class=\"screen-reader-text\"> &#8221;Keltasirkunpolun p\u00e4iv\u00e4koti v\u00e4ist\u00f6tiloihin tammikuussa 2023&#8221;<\/span><\/a><\/p>\n","protected":false},"author":2518,"featured_media":0,"comment_status":"closed","ping_status":"closed","sticky":false,"template":"","format":"standard","meta":{"footnotes":""},"categories":[4798],"tags":[],"class_list":["post-438","post","type-post","status-publish","format-standard","hentry","category-yleinen"],"_links":{"self":[{"href":"https:\/\/blog.edu.turku.fi\/paaskyvuorenphy\/wp-json\/wp\/v2\/posts\/438","targetHints":{"allow":["GET"]}}],"collection":[{"href":"https:\/\/blog.edu.turku.fi\/paaskyvuorenphy\/wp-json\/wp\/v2\/posts"}],"about":[{"href":"https:\/\/blog.edu.turku.fi\/paaskyvuorenphy\/wp-json\/wp\/v2\/types\/post"}],"author":[{"embeddable":true,"href":"https:\/\/blog.edu.turku.fi\/paaskyvuorenphy\/wp-json\/wp\/v2\/users\/2518"}],"replies":[{"embeddable":true,"href":"https:\/\/blog.edu.turku.fi\/paaskyvuorenphy\/wp-json\/wp\/v2\/comments?post=438"}],"version-history":[{"count":8,"href":"https:\/\/blog.edu.turku.fi\/paaskyvuorenphy\/wp-json\/wp\/v2\/posts\/438\/revisions"}],"predecessor-version":[{"id":555,"href":"https:\/\/blog.edu.turku.fi\/paaskyvuorenphy\/wp-json\/wp\/v2\/posts\/438\/revisions\/555"}],"wp:attachment":[{"href":"https:\/\/blog.edu.turku.fi\/paaskyvuorenphy\/wp-json\/wp\/v2\/media?parent=438"}],"wp:term":[{"taxonomy":"category","embeddable":true,"href":"https:\/\/blog.edu.turku.fi\/paaskyvuorenphy\/wp-json\/wp\/v2\/categories?post=438"},{"taxonomy":"post_tag","embeddable":true,"href":"https:\/\/blog.edu.turku.fi\/paaskyvuorenphy\/wp-json\/wp\/v2\/tags?post=438"}],"curies":[{"name":"wp","href":"https:\/\/api.w.org\/{rel}","templated":true}]}}