{"id":4704,"date":"2025-11-11T13:43:36","date_gmt":"2025-11-11T11:43:36","guid":{"rendered":"https:\/\/blog.edu.turku.fi\/nummenpakka\/?p=4704"},"modified":"2025-11-11T13:43:36","modified_gmt":"2025-11-11T11:43:36","slug":"loistetta-pimeaan","status":"publish","type":"post","link":"https:\/\/blog.edu.turku.fi\/nummenpakka\/2025\/11\/11\/loistetta-pimeaan\/","title":{"rendered":"Loistetta pime\u00e4\u00e4n"},"content":{"rendered":"<p>Nummen yksik\u00f6ss\u00e4 vietettiin heijastinp\u00e4iv\u00e4\u00e4 lokakuun viimeisen\u00e4 p\u00e4iv\u00e4n\u00e4. P\u00e4iv\u00e4n tarkoituksena oli muistutella, ett\u00e4 me kaikki tarvitsemme loistetta pimeisiin aamuihin ja iltoihin. Oppilaskunta j\u00e4rjesti my\u00f6s kilpailun, jossa vertailtiin eri luokkasarjoissa heijastimien m\u00e4\u00e4r\u00e4n keskiarvoa.<\/p>\n<figure id=\"attachment_4698\" aria-describedby=\"caption-attachment-4698\" style=\"width: 1024px\" class=\"wp-caption alignnone\"><a href=\"https:\/\/blog.edu.turku.fi\/nummenpakka\/files\/2025\/10\/20251031_122137.jpg\"><img loading=\"lazy\" decoding=\"async\" class=\"wp-image-4698 size-large\" src=\"https:\/\/blog.edu.turku.fi\/nummenpakka\/files\/2025\/10\/20251031_122137-1024x1024.jpg\" alt=\"\" width=\"1024\" height=\"1024\" srcset=\"https:\/\/blog.edu.turku.fi\/nummenpakka\/files\/2025\/10\/20251031_122137-1024x1024.jpg 1024w, https:\/\/blog.edu.turku.fi\/nummenpakka\/files\/2025\/10\/20251031_122137-150x150.jpg 150w, https:\/\/blog.edu.turku.fi\/nummenpakka\/files\/2025\/10\/20251031_122137-300x300.jpg 300w, https:\/\/blog.edu.turku.fi\/nummenpakka\/files\/2025\/10\/20251031_122137.jpg 2048w\" sizes=\"auto, (max-width: 709px) 85vw, (max-width: 909px) 67vw, (max-width: 1362px) 62vw, 840px\" \/><\/a><figcaption id=\"caption-attachment-4698\" class=\"wp-caption-text\">5a-luokan opettaja Tuukka ja 3a:n oppilaat Mohid, Ninni ja Saga loistivat varmasti pime\u00e4ss\u00e4.<\/figcaption><\/figure>\n","protected":false},"excerpt":{"rendered":"<p>Nummen yksik\u00f6ss\u00e4 vietettiin heijastinp\u00e4iv\u00e4\u00e4 lokakuun viimeisen\u00e4 p\u00e4iv\u00e4n\u00e4. P\u00e4iv\u00e4n tarkoituksena oli muistutella, ett\u00e4 me kaikki tarvitsemme loistetta pimeisiin aamuihin ja iltoihin. Oppilaskunta j\u00e4rjesti my\u00f6s kilpailun, jossa vertailtiin eri luokkasarjoissa heijastimien m\u00e4\u00e4r\u00e4n keskiarvoa.<\/p>\n","protected":false},"author":2085,"featured_media":0,"comment_status":"closed","ping_status":"closed","sticky":false,"template":"","format":"standard","meta":{"footnotes":""},"categories":[4798],"tags":[],"class_list":["post-4704","post","type-post","status-publish","format-standard","hentry","category-yleinen"],"_links":{"self":[{"href":"https:\/\/blog.edu.turku.fi\/nummenpakka\/wp-json\/wp\/v2\/posts\/4704","targetHints":{"allow":["GET"]}}],"collection":[{"href":"https:\/\/blog.edu.turku.fi\/nummenpakka\/wp-json\/wp\/v2\/posts"}],"about":[{"href":"https:\/\/blog.edu.turku.fi\/nummenpakka\/wp-json\/wp\/v2\/types\/post"}],"author":[{"embeddable":true,"href":"https:\/\/blog.edu.turku.fi\/nummenpakka\/wp-json\/wp\/v2\/users\/2085"}],"replies":[{"embeddable":true,"href":"https:\/\/blog.edu.turku.fi\/nummenpakka\/wp-json\/wp\/v2\/comments?post=4704"}],"version-history":[{"count":1,"href":"https:\/\/blog.edu.turku.fi\/nummenpakka\/wp-json\/wp\/v2\/posts\/4704\/revisions"}],"predecessor-version":[{"id":4716,"href":"https:\/\/blog.edu.turku.fi\/nummenpakka\/wp-json\/wp\/v2\/posts\/4704\/revisions\/4716"}],"wp:attachment":[{"href":"https:\/\/blog.edu.turku.fi\/nummenpakka\/wp-json\/wp\/v2\/media?parent=4704"}],"wp:term":[{"taxonomy":"category","embeddable":true,"href":"https:\/\/blog.edu.turku.fi\/nummenpakka\/wp-json\/wp\/v2\/categories?post=4704"},{"taxonomy":"post_tag","embeddable":true,"href":"https:\/\/blog.edu.turku.fi\/nummenpakka\/wp-json\/wp\/v2\/tags?post=4704"}],"curies":[{"name":"wp","href":"https:\/\/api.w.org\/{rel}","templated":true}]}}