{"id":4694,"date":"2025-11-11T13:59:12","date_gmt":"2025-11-11T11:59:12","guid":{"rendered":"https:\/\/blog.edu.turku.fi\/nummenpakka\/?p=4694"},"modified":"2025-11-11T14:00:30","modified_gmt":"2025-11-11T12:00:30","slug":"viidesluokkalaiset-juniori-amkssa","status":"publish","type":"post","link":"https:\/\/blog.edu.turku.fi\/nummenpakka\/2025\/11\/11\/viidesluokkalaiset-juniori-amkssa\/","title":{"rendered":"Viidesluokkalaiset Juniori AMK:ssa"},"content":{"rendered":"<p>Viidesluokkalaiset osallistuivat lokakuun lopussa Juniori AMK -tapahtumaan. He p\u00e4\u00e4siv\u00e4t ammattikorkeakoulussa perehtym\u00e4\u00e4n mm. logistiikkaan ja matkailuun ja tekem\u00e4\u00e4n erilaisia teht\u00e4vi\u00e4 n\u00e4ihin aiheisiin liittyen.<\/p>\n<p><a href=\"https:\/\/blog.edu.turku.fi\/nummenpakka\/files\/2025\/10\/20251028_121106.jpg\"><img loading=\"lazy\" decoding=\"async\" class=\"alignnone size-large wp-image-4693\" src=\"https:\/\/blog.edu.turku.fi\/nummenpakka\/files\/2025\/10\/20251028_121106-1024x1024.jpg\" alt=\"\" width=\"1024\" height=\"1024\" srcset=\"https:\/\/blog.edu.turku.fi\/nummenpakka\/files\/2025\/10\/20251028_121106-1024x1024.jpg 1024w, https:\/\/blog.edu.turku.fi\/nummenpakka\/files\/2025\/10\/20251028_121106-150x150.jpg 150w, https:\/\/blog.edu.turku.fi\/nummenpakka\/files\/2025\/10\/20251028_121106-300x300.jpg 300w, https:\/\/blog.edu.turku.fi\/nummenpakka\/files\/2025\/10\/20251028_121106.jpg 2048w\" sizes=\"auto, (max-width: 709px) 85vw, (max-width: 909px) 67vw, (max-width: 1362px) 62vw, 840px\" \/><\/a><\/p>\n","protected":false},"excerpt":{"rendered":"<p>Viidesluokkalaiset osallistuivat lokakuun lopussa Juniori AMK -tapahtumaan. He p\u00e4\u00e4siv\u00e4t ammattikorkeakoulussa perehtym\u00e4\u00e4n mm. logistiikkaan ja matkailuun ja tekem\u00e4\u00e4n erilaisia teht\u00e4vi\u00e4 n\u00e4ihin aiheisiin liittyen.<\/p>\n","protected":false},"author":2085,"featured_media":0,"comment_status":"closed","ping_status":"closed","sticky":false,"template":"","format":"standard","meta":{"footnotes":""},"categories":[4798],"tags":[],"class_list":["post-4694","post","type-post","status-publish","format-standard","hentry","category-yleinen"],"_links":{"self":[{"href":"https:\/\/blog.edu.turku.fi\/nummenpakka\/wp-json\/wp\/v2\/posts\/4694","targetHints":{"allow":["GET"]}}],"collection":[{"href":"https:\/\/blog.edu.turku.fi\/nummenpakka\/wp-json\/wp\/v2\/posts"}],"about":[{"href":"https:\/\/blog.edu.turku.fi\/nummenpakka\/wp-json\/wp\/v2\/types\/post"}],"author":[{"embeddable":true,"href":"https:\/\/blog.edu.turku.fi\/nummenpakka\/wp-json\/wp\/v2\/users\/2085"}],"replies":[{"embeddable":true,"href":"https:\/\/blog.edu.turku.fi\/nummenpakka\/wp-json\/wp\/v2\/comments?post=4694"}],"version-history":[{"count":3,"href":"https:\/\/blog.edu.turku.fi\/nummenpakka\/wp-json\/wp\/v2\/posts\/4694\/revisions"}],"predecessor-version":[{"id":4722,"href":"https:\/\/blog.edu.turku.fi\/nummenpakka\/wp-json\/wp\/v2\/posts\/4694\/revisions\/4722"}],"wp:attachment":[{"href":"https:\/\/blog.edu.turku.fi\/nummenpakka\/wp-json\/wp\/v2\/media?parent=4694"}],"wp:term":[{"taxonomy":"category","embeddable":true,"href":"https:\/\/blog.edu.turku.fi\/nummenpakka\/wp-json\/wp\/v2\/categories?post=4694"},{"taxonomy":"post_tag","embeddable":true,"href":"https:\/\/blog.edu.turku.fi\/nummenpakka\/wp-json\/wp\/v2\/tags?post=4694"}],"curies":[{"name":"wp","href":"https:\/\/api.w.org\/{rel}","templated":true}]}}