{"id":1469,"date":"2017-08-04T15:53:57","date_gmt":"2017-08-04T12:53:57","guid":{"rendered":"https:\/\/blog.edu.turku.fi\/nummenpakka\/?p=1469"},"modified":"2017-08-11T12:21:44","modified_gmt":"2017-08-11T09:21:44","slug":"uusi-lukuvuosi-alkaa-kaikilla-nummen-ja-halisten-oppilailla-tiistaina-15-8-2017-klo-9-00","status":"publish","type":"post","link":"https:\/\/blog.edu.turku.fi\/nummenpakka\/2017\/08\/04\/uusi-lukuvuosi-alkaa-kaikilla-nummen-ja-halisten-oppilailla-tiistaina-15-8-2017-klo-9-00\/","title":{"rendered":"Uusi lukuvuosi alkaa &#8211; tervetuloa kouluun!"},"content":{"rendered":"<p><strong><u>Uusi lukuvuosi alkaa tiistaina 15.8.2017<\/u>.<\/strong><\/p>\n<p>Nummen ja Halisten yksik\u00f6iss\u00e4 koulu alkaa klo 9.00.<br \/>\nOpettajat ovat koulun pihalla vastaanottamassa oppilaita niin\u00a0Halisten kuin Nummenkin yksik\u00f6iss\u00e4.<br \/>\nOppilaiden ensimm\u00e4inen koulup\u00e4iv\u00e4 p\u00e4\u00e4ttyy klo 12.<\/p>\n<p>Aurajoen yksik\u00f6ss\u00e4 7.luokkalaisten koulup\u00e4iv\u00e4 <strong>klo 8-12<\/strong> ja<br \/>\n8.ja 9.luokkalaisten koulup\u00e4iv\u00e4 on<strong> klo 9-12<\/strong>.<\/p>\n<p><strong>Keskiviikosta\u00a016.8.2017 alkaen noudatetaan Wilmassa n\u00e4kyv\u00e4\u00e4 lukuj\u00e4rjestyst\u00e4. <\/strong>Lukuj\u00e4rjestykset l\u00f6ytyv\u00e4t Wilmasta Ty\u00f6j\u00e4rjestys- v\u00e4lilehdelt\u00e4. On hyv\u00e4 muistaa, ett\u00e4 lukuj\u00e4rjestyksiin voi tulla pieni\u00e4 muutoksia\/korjauksia ensimm\u00e4isten koulup\u00e4ivien aikana.<\/p>\n<p><strong>Perinteinen koulurauhanjulistus<\/strong><br \/>\nKeskiviikkona 16.8. kokoonnumme perinteiseen<br \/>\nkoulurauhan julistukseen klo 10.10 Nummen ja Katariinan koulujen pihalle.<br \/>\nTilaisuudessa koulujemme ysiluokkalaiset jakavat tutut ykk\u00f6slippikset ekaluokkalaisille.<br \/>\nHalisten koulun pihalla koulurauhanjulistus klo 11.50.<\/p>\n<p>Vanhemmat ovat tervetulleita mukaan!<\/p>\n","protected":false},"excerpt":{"rendered":"<p>Uusi lukuvuosi alkaa tiistaina 15.8.2017. Nummen ja Halisten yksik\u00f6iss\u00e4 koulu alkaa klo 9.00. Opettajat ovat koulun pihalla vastaanottamassa oppilaita niin\u00a0Halisten kuin Nummenkin yksik\u00f6iss\u00e4. Oppilaiden ensimm\u00e4inen koulup\u00e4iv\u00e4 p\u00e4\u00e4ttyy klo 12. Aurajoen yksik\u00f6ss\u00e4 7.luokkalaisten koulup\u00e4iv\u00e4 klo 8-12 ja 8.ja 9.luokkalaisten koulup\u00e4iv\u00e4 on klo 9-12. Keskiviikosta\u00a016.8.2017 alkaen noudatetaan Wilmassa n\u00e4kyv\u00e4\u00e4 lukuj\u00e4rjestyst\u00e4. Lukuj\u00e4rjestykset l\u00f6ytyv\u00e4t Wilmasta Ty\u00f6j\u00e4rjestys- v\u00e4lilehdelt\u00e4. On hyv\u00e4 &hellip; <a href=\"https:\/\/blog.edu.turku.fi\/nummenpakka\/2017\/08\/04\/uusi-lukuvuosi-alkaa-kaikilla-nummen-ja-halisten-oppilailla-tiistaina-15-8-2017-klo-9-00\/\" class=\"more-link\">Jatka lukemista<span class=\"screen-reader-text\"> &#8221;Uusi lukuvuosi alkaa &#8211; tervetuloa kouluun!&#8221;<\/span><\/a><\/p>\n","protected":false},"author":33,"featured_media":0,"comment_status":"closed","ping_status":"closed","sticky":false,"template":"","format":"standard","meta":{"footnotes":""},"categories":[4798],"tags":[],"class_list":["post-1469","post","type-post","status-publish","format-standard","hentry","category-yleinen"],"_links":{"self":[{"href":"https:\/\/blog.edu.turku.fi\/nummenpakka\/wp-json\/wp\/v2\/posts\/1469","targetHints":{"allow":["GET"]}}],"collection":[{"href":"https:\/\/blog.edu.turku.fi\/nummenpakka\/wp-json\/wp\/v2\/posts"}],"about":[{"href":"https:\/\/blog.edu.turku.fi\/nummenpakka\/wp-json\/wp\/v2\/types\/post"}],"author":[{"embeddable":true,"href":"https:\/\/blog.edu.turku.fi\/nummenpakka\/wp-json\/wp\/v2\/users\/33"}],"replies":[{"embeddable":true,"href":"https:\/\/blog.edu.turku.fi\/nummenpakka\/wp-json\/wp\/v2\/comments?post=1469"}],"version-history":[{"count":9,"href":"https:\/\/blog.edu.turku.fi\/nummenpakka\/wp-json\/wp\/v2\/posts\/1469\/revisions"}],"predecessor-version":[{"id":1492,"href":"https:\/\/blog.edu.turku.fi\/nummenpakka\/wp-json\/wp\/v2\/posts\/1469\/revisions\/1492"}],"wp:attachment":[{"href":"https:\/\/blog.edu.turku.fi\/nummenpakka\/wp-json\/wp\/v2\/media?parent=1469"}],"wp:term":[{"taxonomy":"category","embeddable":true,"href":"https:\/\/blog.edu.turku.fi\/nummenpakka\/wp-json\/wp\/v2\/categories?post=1469"},{"taxonomy":"post_tag","embeddable":true,"href":"https:\/\/blog.edu.turku.fi\/nummenpakka\/wp-json\/wp\/v2\/tags?post=1469"}],"curies":[{"name":"wp","href":"https:\/\/api.w.org\/{rel}","templated":true}]}}