{"id":3542,"date":"2026-04-01T10:31:07","date_gmt":"2026-04-01T07:31:07","guid":{"rendered":"https:\/\/blog.edu.turku.fi\/lyseo\/?p=3542"},"modified":"2026-04-01T10:31:39","modified_gmt":"2026-04-01T07:31:39","slug":"oppitunti-asterodeista-ja-taivaalle-katselua","status":"publish","type":"post","link":"https:\/\/blog.edu.turku.fi\/lyseo\/2026\/04\/01\/oppitunti-asterodeista-ja-taivaalle-katselua\/","title":{"rendered":"Oppitunti asterodeista ja taivaalle katselua"},"content":{"rendered":"<p><span data-olk-copy-source=\"MessageBody\">Torstaina saimme vieraan Amerikasta. Pranvera Hyseni Santa Cruzin yliopistosta k\u00e4vi pit\u00e4m\u00e4ss\u00e4 seitsem\u00e4sluokkalaisille oppitunnin asteroideista ja meteoriiteista. H\u00e4n toi koululle mukanaan my\u00f6s teleskoopin ja perjantai iltana j\u00e4rjestimme Kuun ja Jupiterin katselu tilaisuuden. Taivas oli kirkas ja innokkaita katselijoita oli paljon.<a href=\"https:\/\/blog.edu.turku.fi\/lyseo\/files\/2026\/04\/kuu.jpeg\"><img loading=\"lazy\" decoding=\"async\" class=\"alignnone size-medium wp-image-3546\" src=\"https:\/\/blog.edu.turku.fi\/lyseo\/files\/2026\/04\/kuu-225x300.jpeg\" alt=\"\" width=\"225\" height=\"300\" \/><\/a><a href=\"https:\/\/blog.edu.turku.fi\/lyseo\/files\/2026\/04\/tunti1.jpeg\"><img loading=\"lazy\" decoding=\"async\" class=\"alignnone size-medium wp-image-3543\" src=\"https:\/\/blog.edu.turku.fi\/lyseo\/files\/2026\/04\/tunti1-300x225.jpeg\" alt=\"\" width=\"300\" height=\"225\" \/><\/a> <a href=\"https:\/\/blog.edu.turku.fi\/lyseo\/files\/2026\/04\/tunti2.jpeg\"><img loading=\"lazy\" decoding=\"async\" class=\"alignnone size-medium wp-image-3544\" src=\"https:\/\/blog.edu.turku.fi\/lyseo\/files\/2026\/04\/tunti2-300x225.jpeg\" alt=\"\" width=\"300\" height=\"225\" \/><\/a> <a href=\"https:\/\/blog.edu.turku.fi\/lyseo\/files\/2026\/04\/tunti3.jpeg\"><img loading=\"lazy\" decoding=\"async\" class=\"alignnone size-medium wp-image-3545\" src=\"https:\/\/blog.edu.turku.fi\/lyseo\/files\/2026\/04\/tunti3-300x225.jpeg\" alt=\"\" width=\"300\" height=\"225\" \/><\/a> <a href=\"https:\/\/blog.edu.turku.fi\/lyseo\/files\/2026\/04\/yleisoa.jpeg\"><img loading=\"lazy\" decoding=\"async\" class=\"alignnone size-medium wp-image-3547\" src=\"https:\/\/blog.edu.turku.fi\/lyseo\/files\/2026\/04\/yleisoa-300x225.jpeg\" alt=\"\" width=\"300\" height=\"225\" \/><\/a><\/span><\/p>\n","protected":false},"excerpt":{"rendered":"<p>Torstaina saimme vieraan Amerikasta. Pranvera Hyseni Santa Cruzin yliopistosta k\u00e4vi pit\u00e4m\u00e4ss\u00e4 seitsem\u00e4sluokkalaisille oppitunnin asteroideista ja meteoriiteista. H\u00e4n toi koululle mukanaan my\u00f6s teleskoopin ja perjantai iltana j\u00e4rjestimme Kuun ja Jupiterin katselu tilaisuuden. Taivas oli kirkas ja innokkaita katselijoita oli paljon.<\/p>\n","protected":false},"author":3329,"featured_media":0,"comment_status":"closed","ping_status":"closed","sticky":false,"template":"","format":"standard","meta":{"footnotes":""},"categories":[4798],"tags":[],"class_list":["post-3542","post","type-post","status-publish","format-standard","hentry","category-yleinen"],"_links":{"self":[{"href":"https:\/\/blog.edu.turku.fi\/lyseo\/wp-json\/wp\/v2\/posts\/3542","targetHints":{"allow":["GET"]}}],"collection":[{"href":"https:\/\/blog.edu.turku.fi\/lyseo\/wp-json\/wp\/v2\/posts"}],"about":[{"href":"https:\/\/blog.edu.turku.fi\/lyseo\/wp-json\/wp\/v2\/types\/post"}],"author":[{"embeddable":true,"href":"https:\/\/blog.edu.turku.fi\/lyseo\/wp-json\/wp\/v2\/users\/3329"}],"replies":[{"embeddable":true,"href":"https:\/\/blog.edu.turku.fi\/lyseo\/wp-json\/wp\/v2\/comments?post=3542"}],"version-history":[{"count":2,"href":"https:\/\/blog.edu.turku.fi\/lyseo\/wp-json\/wp\/v2\/posts\/3542\/revisions"}],"predecessor-version":[{"id":3549,"href":"https:\/\/blog.edu.turku.fi\/lyseo\/wp-json\/wp\/v2\/posts\/3542\/revisions\/3549"}],"wp:attachment":[{"href":"https:\/\/blog.edu.turku.fi\/lyseo\/wp-json\/wp\/v2\/media?parent=3542"}],"wp:term":[{"taxonomy":"category","embeddable":true,"href":"https:\/\/blog.edu.turku.fi\/lyseo\/wp-json\/wp\/v2\/categories?post=3542"},{"taxonomy":"post_tag","embeddable":true,"href":"https:\/\/blog.edu.turku.fi\/lyseo\/wp-json\/wp\/v2\/tags?post=3542"}],"curies":[{"name":"wp","href":"https:\/\/api.w.org\/{rel}","templated":true}]}}