{"id":3361,"date":"2024-12-09T08:29:18","date_gmt":"2024-12-09T06:29:18","guid":{"rendered":"https:\/\/blog.edu.turku.fi\/lyseo\/?p=3361"},"modified":"2024-12-09T08:29:18","modified_gmt":"2024-12-09T06:29:18","slug":"turun-linnassa-kuudensien-luokkien-linnan-juhlissa","status":"publish","type":"post","link":"https:\/\/blog.edu.turku.fi\/lyseo\/2024\/12\/09\/turun-linnassa-kuudensien-luokkien-linnan-juhlissa\/","title":{"rendered":"Turun linnassa kuudensien luokkien Linnan juhlissa!"},"content":{"rendered":"<p>Keskiviikkona 4.12. 6B-luokka oli kutsuttuna Turun linnan itsen\u00e4isyysp\u00e4iv\u00e4n juhliin. Juhliin olivat oppilaat pukeutuneet juhlanmukaisesti. Juhlassa kuultiin musiikkiesityksi\u00e4, puheita, kohotettiin malja ja nautittiin j\u00e4lkiruuista. Osa luokan oppilaista p\u00e4\u00e4si antamaan lehtiin haastatteluja ja poseeraamaan lehtikuviin.<\/p>\n<p><a href=\"https:\/\/blog.edu.turku.fi\/lyseo\/files\/2024\/12\/thumbnail_2e1ca03e-50c0-4717-b451-dd6c90c28582.jpg\"><img loading=\"lazy\" decoding=\"async\" class=\"alignnone size-medium wp-image-3362\" src=\"https:\/\/blog.edu.turku.fi\/lyseo\/files\/2024\/12\/thumbnail_2e1ca03e-50c0-4717-b451-dd6c90c28582-225x300.jpg\" alt=\"\" width=\"225\" height=\"300\" \/><\/a> <a href=\"https:\/\/blog.edu.turku.fi\/lyseo\/files\/2024\/12\/thumbnail_31a0d203-8119-44cf-bcb4-3ba00f97ba09.jpg\"><img loading=\"lazy\" decoding=\"async\" class=\"alignnone size-medium wp-image-3363\" src=\"https:\/\/blog.edu.turku.fi\/lyseo\/files\/2024\/12\/thumbnail_31a0d203-8119-44cf-bcb4-3ba00f97ba09-225x300.jpg\" alt=\"\" width=\"225\" height=\"300\" \/><\/a><a href=\"https:\/\/blog.edu.turku.fi\/lyseo\/files\/2024\/12\/thumbnail_f8760dc1-6488-4690-8142-6500244feb16.jpg\"><img loading=\"lazy\" decoding=\"async\" class=\"alignnone size-medium wp-image-3364\" src=\"https:\/\/blog.edu.turku.fi\/lyseo\/files\/2024\/12\/thumbnail_f8760dc1-6488-4690-8142-6500244feb16-225x300.jpg\" alt=\"\" width=\"225\" height=\"300\" \/><\/a><\/p>\n","protected":false},"excerpt":{"rendered":"<p>Keskiviikkona 4.12. 6B-luokka oli kutsuttuna Turun linnan itsen\u00e4isyysp\u00e4iv\u00e4n juhliin. Juhliin olivat oppilaat pukeutuneet juhlanmukaisesti. Juhlassa kuultiin musiikkiesityksi\u00e4, puheita, kohotettiin malja ja nautittiin j\u00e4lkiruuista. Osa luokan oppilaista p\u00e4\u00e4si antamaan lehtiin haastatteluja ja poseeraamaan lehtikuviin.<\/p>\n","protected":false},"author":3329,"featured_media":0,"comment_status":"closed","ping_status":"closed","sticky":false,"template":"","format":"standard","meta":{"footnotes":""},"categories":[4798],"tags":[],"class_list":["post-3361","post","type-post","status-publish","format-standard","hentry","category-yleinen"],"_links":{"self":[{"href":"https:\/\/blog.edu.turku.fi\/lyseo\/wp-json\/wp\/v2\/posts\/3361","targetHints":{"allow":["GET"]}}],"collection":[{"href":"https:\/\/blog.edu.turku.fi\/lyseo\/wp-json\/wp\/v2\/posts"}],"about":[{"href":"https:\/\/blog.edu.turku.fi\/lyseo\/wp-json\/wp\/v2\/types\/post"}],"author":[{"embeddable":true,"href":"https:\/\/blog.edu.turku.fi\/lyseo\/wp-json\/wp\/v2\/users\/3329"}],"replies":[{"embeddable":true,"href":"https:\/\/blog.edu.turku.fi\/lyseo\/wp-json\/wp\/v2\/comments?post=3361"}],"version-history":[{"count":1,"href":"https:\/\/blog.edu.turku.fi\/lyseo\/wp-json\/wp\/v2\/posts\/3361\/revisions"}],"predecessor-version":[{"id":3365,"href":"https:\/\/blog.edu.turku.fi\/lyseo\/wp-json\/wp\/v2\/posts\/3361\/revisions\/3365"}],"wp:attachment":[{"href":"https:\/\/blog.edu.turku.fi\/lyseo\/wp-json\/wp\/v2\/media?parent=3361"}],"wp:term":[{"taxonomy":"category","embeddable":true,"href":"https:\/\/blog.edu.turku.fi\/lyseo\/wp-json\/wp\/v2\/categories?post=3361"},{"taxonomy":"post_tag","embeddable":true,"href":"https:\/\/blog.edu.turku.fi\/lyseo\/wp-json\/wp\/v2\/tags?post=3361"}],"curies":[{"name":"wp","href":"https:\/\/api.w.org\/{rel}","templated":true}]}}