{"id":2373,"date":"2019-05-27T15:02:02","date_gmt":"2019-05-27T12:02:02","guid":{"rendered":"https:\/\/blog.edu.turku.fi\/lyseo\/?p=2373"},"modified":"2019-05-27T15:12:55","modified_gmt":"2019-05-27T12:12:55","slug":"toimis-oppilaskunnan-jarjestama-toimintapaiva-kupittaalla","status":"publish","type":"post","link":"https:\/\/blog.edu.turku.fi\/lyseo\/2019\/05\/27\/toimis-oppilaskunnan-jarjestama-toimintapaiva-kupittaalla\/","title":{"rendered":"TOIMIS &#8211; oppilaskunnan j\u00e4rjest\u00e4m\u00e4 toimintap\u00e4iv\u00e4 Kupittaalla"},"content":{"rendered":"<p>&nbsp;<\/p>\n\n<p>&nbsp;<\/p>\n<p>&nbsp;<\/p>\n<p>Yl\u00e4koulun oppilaskunnan hallitus sai\u00a0 Turun Nuorisovaltuuston my\u00f6nt\u00e4m\u00e4n toiminta-avustuksen koko koulun yhteisen toimintap\u00e4iv\u00e4n j\u00e4rjest\u00e4miseen. Pienet ja isot oppilaat saivat kokea liikunnan riemua eri lajien parissa Kupittaan vehreiss\u00e4 maisemissa perjantaina 24.5.2019.<\/p>\n","protected":false},"excerpt":{"rendered":"<p>&nbsp; &nbsp; &nbsp; Yl\u00e4koulun oppilaskunnan hallitus sai\u00a0 Turun Nuorisovaltuuston my\u00f6nt\u00e4m\u00e4n toiminta-avustuksen koko koulun yhteisen toimintap\u00e4iv\u00e4n j\u00e4rjest\u00e4miseen. Pienet ja isot oppilaat saivat kokea liikunnan riemua eri lajien parissa Kupittaan vehreiss\u00e4 maisemissa perjantaina 24.5.2019.<\/p>\n","protected":false},"author":101,"featured_media":0,"comment_status":"closed","ping_status":"closed","sticky":false,"template":"","format":"standard","meta":{"footnotes":""},"categories":[4798],"tags":[],"class_list":["post-2373","post","type-post","status-publish","format-standard","hentry","category-yleinen"],"_links":{"self":[{"href":"https:\/\/blog.edu.turku.fi\/lyseo\/wp-json\/wp\/v2\/posts\/2373","targetHints":{"allow":["GET"]}}],"collection":[{"href":"https:\/\/blog.edu.turku.fi\/lyseo\/wp-json\/wp\/v2\/posts"}],"about":[{"href":"https:\/\/blog.edu.turku.fi\/lyseo\/wp-json\/wp\/v2\/types\/post"}],"author":[{"embeddable":true,"href":"https:\/\/blog.edu.turku.fi\/lyseo\/wp-json\/wp\/v2\/users\/101"}],"replies":[{"embeddable":true,"href":"https:\/\/blog.edu.turku.fi\/lyseo\/wp-json\/wp\/v2\/comments?post=2373"}],"version-history":[{"count":5,"href":"https:\/\/blog.edu.turku.fi\/lyseo\/wp-json\/wp\/v2\/posts\/2373\/revisions"}],"predecessor-version":[{"id":2385,"href":"https:\/\/blog.edu.turku.fi\/lyseo\/wp-json\/wp\/v2\/posts\/2373\/revisions\/2385"}],"wp:attachment":[{"href":"https:\/\/blog.edu.turku.fi\/lyseo\/wp-json\/wp\/v2\/media?parent=2373"}],"wp:term":[{"taxonomy":"category","embeddable":true,"href":"https:\/\/blog.edu.turku.fi\/lyseo\/wp-json\/wp\/v2\/categories?post=2373"},{"taxonomy":"post_tag","embeddable":true,"href":"https:\/\/blog.edu.turku.fi\/lyseo\/wp-json\/wp\/v2\/tags?post=2373"}],"curies":[{"name":"wp","href":"https:\/\/api.w.org\/{rel}","templated":true}]}}