{"id":2250,"date":"2019-04-18T09:21:00","date_gmt":"2019-04-18T06:21:00","guid":{"rendered":"https:\/\/blog.edu.turku.fi\/lyseo\/?p=2250"},"modified":"2019-05-15T11:28:33","modified_gmt":"2019-05-15T08:28:33","slug":"hyvaa-paasiaista","status":"publish","type":"post","link":"https:\/\/blog.edu.turku.fi\/lyseo\/2019\/04\/18\/hyvaa-paasiaista\/","title":{"rendered":"Hyv\u00e4\u00e4 p\u00e4\u00e4si\u00e4ist\u00e4"},"content":{"rendered":"<p>Torstaina 17.4.2019 pidetty Lyseon kev\u00e4ttapahtuma onnistui hienosti.<\/p>\n<p>Oppilaiden organisoimat kev\u00e4tmyyj\u00e4iset ja yhteisty\u00f6kumppaneiden minimessut saivat aikaan positiivista yhdess\u00e4 tekemisen iloa.<\/p>\n<p><img loading=\"lazy\" decoding=\"async\" class=\"wp-image-2251 alignnone\" src=\"https:\/\/blog.edu.turku.fi\/lyseo\/files\/2019\/04\/IMG_8597-260x300.jpg\" alt=\"P\u00e4\u00e4si\u00e4ispupu.\" width=\"182\" height=\"210\" \/><\/p>\n<p><img loading=\"lazy\" decoding=\"async\" class=\"wp-image-2252 alignleft\" src=\"https:\/\/blog.edu.turku.fi\/lyseo\/files\/2019\/04\/IMG_8613-231x300.jpg\" alt=\"9A-luokan oppilaita kev\u00e4ttapahtumassa.\" width=\"173\" height=\"225\" \/><\/p>\n<p><img loading=\"lazy\" decoding=\"async\" class=\"alignleft wp-image-2254 size-medium\" src=\"https:\/\/blog.edu.turku.fi\/lyseo\/files\/2019\/04\/IMG_8607-300x228.jpg\" alt=\"9C-luokan arpajaisp\u00f6yt\u00e4 kev\u00e4ttapahtumassa.\" width=\"300\" height=\"228\" \/><\/p>\n<p><img loading=\"lazy\" decoding=\"async\" class=\"wp-image-2255 alignnone\" src=\"https:\/\/blog.edu.turku.fi\/lyseo\/files\/2019\/04\/IMG_8599-300x225.jpg\" alt=\"Kahvilatunnelmaa kev\u00e4ttapahtumassa.\" width=\"244\" height=\"183\" \/><\/p>\n<p><img loading=\"lazy\" decoding=\"async\" class=\"wp-image-2253 alignnone\" src=\"https:\/\/blog.edu.turku.fi\/lyseo\/files\/2019\/04\/IMG_8609-300x225.jpg\" alt=\"Oppilaita kev\u00e4ttapahtumassa.\" width=\"235\" height=\"176\" \/><\/p>\n<p>Kev\u00e4ttapahtuman yhteisty\u00f6kumppanit jakoivat mukana olleille oman alansa osaamista.<\/p>\n<p><img loading=\"lazy\" decoding=\"async\" class=\"wp-image-2258 size-medium alignnone\" src=\"https:\/\/blog.edu.turku.fi\/lyseo\/files\/2019\/04\/IMG_8601-262x300.jpg\" alt=\"Yhteisty\u00f6kumppaneita kev\u00e4ttapahtumassa.\" width=\"262\" height=\"300\" \/><\/p>\n<p>Liikunnan riemua koettiin luokkien 1-3 perheliikuntatapahtumassa.<\/p>\n<p><img loading=\"lazy\" decoding=\"async\" class=\"alignleft wp-image-2259 size-medium\" src=\"https:\/\/blog.edu.turku.fi\/lyseo\/files\/2019\/04\/IMG_8617-300x205.jpg\" alt=\"Perheliikuntatapahtuman lajikokeilua.\" width=\"300\" height=\"205\" \/><img loading=\"lazy\" decoding=\"async\" class=\"alignright wp-image-2260 size-medium\" src=\"https:\/\/blog.edu.turku.fi\/lyseo\/files\/2019\/04\/IMG_8626-221x300.jpg\" alt=\"Sumopainia perheliikuntatapahtumassa.\" width=\"221\" height=\"300\" \/><\/p>\n<p>&nbsp;<\/p>\n<p>&nbsp;<\/p>\n<p>&nbsp;<\/p>\n<p>&nbsp;<\/p>\n<p>&nbsp;<\/p>\n<p><img loading=\"lazy\" decoding=\"async\" class=\"wp-image-2261 size-medium\" src=\"https:\/\/blog.edu.turku.fi\/lyseo\/files\/2019\/04\/IMG_8615-225x300.jpg\" alt=\"Pienten oppilaiden lajikokeilua perheliikuntap\u00e4iv\u00e4ss\u00e4.\" width=\"225\" height=\"300\" \/><\/p>\n","protected":false},"excerpt":{"rendered":"<p>Torstaina 17.4.2019 pidetty Lyseon kev\u00e4ttapahtuma onnistui hienosti. Oppilaiden organisoimat kev\u00e4tmyyj\u00e4iset ja yhteisty\u00f6kumppaneiden minimessut saivat aikaan positiivista yhdess\u00e4 tekemisen iloa. Kev\u00e4ttapahtuman yhteisty\u00f6kumppanit jakoivat mukana olleille oman alansa osaamista. Liikunnan riemua koettiin luokkien 1-3 perheliikuntatapahtumassa. &nbsp; &nbsp; &nbsp; &nbsp; &nbsp;<\/p>\n","protected":false},"author":101,"featured_media":0,"comment_status":"closed","ping_status":"closed","sticky":false,"template":"","format":"standard","meta":{"footnotes":""},"categories":[4798],"tags":[],"class_list":["post-2250","post","type-post","status-publish","format-standard","hentry","category-yleinen"],"_links":{"self":[{"href":"https:\/\/blog.edu.turku.fi\/lyseo\/wp-json\/wp\/v2\/posts\/2250","targetHints":{"allow":["GET"]}}],"collection":[{"href":"https:\/\/blog.edu.turku.fi\/lyseo\/wp-json\/wp\/v2\/posts"}],"about":[{"href":"https:\/\/blog.edu.turku.fi\/lyseo\/wp-json\/wp\/v2\/types\/post"}],"author":[{"embeddable":true,"href":"https:\/\/blog.edu.turku.fi\/lyseo\/wp-json\/wp\/v2\/users\/101"}],"replies":[{"embeddable":true,"href":"https:\/\/blog.edu.turku.fi\/lyseo\/wp-json\/wp\/v2\/comments?post=2250"}],"version-history":[{"count":26,"href":"https:\/\/blog.edu.turku.fi\/lyseo\/wp-json\/wp\/v2\/posts\/2250\/revisions"}],"predecessor-version":[{"id":2302,"href":"https:\/\/blog.edu.turku.fi\/lyseo\/wp-json\/wp\/v2\/posts\/2250\/revisions\/2302"}],"wp:attachment":[{"href":"https:\/\/blog.edu.turku.fi\/lyseo\/wp-json\/wp\/v2\/media?parent=2250"}],"wp:term":[{"taxonomy":"category","embeddable":true,"href":"https:\/\/blog.edu.turku.fi\/lyseo\/wp-json\/wp\/v2\/categories?post=2250"},{"taxonomy":"post_tag","embeddable":true,"href":"https:\/\/blog.edu.turku.fi\/lyseo\/wp-json\/wp\/v2\/tags?post=2250"}],"curies":[{"name":"wp","href":"https:\/\/api.w.org\/{rel}","templated":true}]}}