{"id":2157,"date":"2019-01-18T13:24:37","date_gmt":"2019-01-18T11:24:37","guid":{"rendered":"https:\/\/blog.edu.turku.fi\/lyseo\/?p=2157"},"modified":"2019-05-15T11:35:14","modified_gmt":"2019-05-15T08:35:14","slug":"ykkosten-100-paivaa-koulussa-teemapaiva","status":"publish","type":"post","link":"https:\/\/blog.edu.turku.fi\/lyseo\/2019\/01\/18\/ykkosten-100-paivaa-koulussa-teemapaiva\/","title":{"rendered":"Ykk\u00f6sten &#8221;100 p\u00e4iv\u00e4\u00e4 koulussa&#8221; teemap\u00e4iv\u00e4"},"content":{"rendered":"<h3 style=\"text-align: left\">Meid\u00e4n ykk\u00f6set juhlivat t\u00e4n\u00e4\u00e4n 100 p\u00e4iv\u00e4\u00e4 koulussa -teemaa iloisten ja toiminnallisten tunnelmien parissa.<\/h3>\n<h3 style=\"text-align: left\">T\u00e4n\u00e4\u00e4n olen 100 p\u00e4iv\u00e4\u00e4 viisaampi!<\/h3>\n<h3 style=\"text-align: left\"><img loading=\"lazy\" decoding=\"async\" class=\"alignnone wp-image-2165 size-medium\" src=\"https:\/\/blog.edu.turku.fi\/lyseo\/files\/2019\/01\/Maths-231x300.jpg\" alt=\"Lukuja palikkatornien muodossa.\" width=\"231\" height=\"300\" \/><img loading=\"lazy\" decoding=\"async\" class=\"alignleft wp-image-2166 size-medium\" src=\"https:\/\/blog.edu.turku.fi\/lyseo\/files\/2019\/01\/Matikkaaaa-225x300.jpg\" alt=\"Laskutoimituksia toiminnallisten teht\u00e4vien avulla.\" width=\"225\" height=\"300\" \/><\/h3>\n<h3 style=\"text-align: left\">Luku 100 tuli tutuksi monella eri aistilla toteutettuna.<\/h3>\n<p style=\"text-align: left\"><img loading=\"lazy\" decoding=\"async\" class=\"alignleft wp-image-2158 size-medium\" src=\"https:\/\/blog.edu.turku.fi\/lyseo\/files\/2019\/01\/Laskuteht\u00e4v\u00e4-300x225.jpg\" alt=\"Oppilaat muodostavat lukujan palikoiden avulla.\" width=\"300\" height=\"225\" \/><img loading=\"lazy\" decoding=\"async\" class=\"alignright wp-image-2159 size-medium\" src=\"https:\/\/blog.edu.turku.fi\/lyseo\/files\/2019\/01\/Tytt\u00f6-229x300.jpg\" alt=\"Luku 100 piilotettuna numerosokkeloon.\" width=\"229\" height=\"300\" \/><img loading=\"lazy\" decoding=\"async\" class=\"alignleft wp-image-2160 size-medium\" src=\"https:\/\/blog.edu.turku.fi\/lyseo\/files\/2019\/01\/Hypyt-268x300.jpg\" alt=\"Oppilaat harjoittelevat lukuja hyppien.\" width=\"268\" height=\"300\" \/>\u00a0 <img loading=\"lazy\" decoding=\"async\" class=\"alignright wp-image-2161 size-medium\" src=\"https:\/\/blog.edu.turku.fi\/lyseo\/files\/2019\/01\/Popparit-264x300.jpg\" alt=\"Lukuun 100 tutustumista popcornien avulla.\" width=\"264\" height=\"300\" \/><\/p>\n<p style=\"text-align: left\">Perjantaina 18.1. oli Turun Lyseon koulun oppilaiden kuluvan lukuvuoden sadas koulup\u00e4iv\u00e4. Ekaluokkalaiset viettiv\u00e4t koko koulup\u00e4iv\u00e4n ajan satajuhlaa teemalla \u201dOlen 100 p\u00e4iv\u00e4\u00e4 viisaampi!\u201d.<\/p>\n<p style=\"text-align: left\">P\u00e4iv\u00e4n aikana p\u00e4\u00e4simme tutustumaan lukuun 100 monin eri tavoin. Rakensimme sadasta palikasta erikorkuisia torneja, etsimme salaisuuspussista kirjainmerkein kirjoitettuja satataulun lukuja, kirjoitimme kunkin ekaluokan oveen sata sanaa sek\u00e4 kokosimme itsellemme sadan popcornin herkkupussin. Hyppelimme satoja hyppyj\u00e4 ja tutkimme erilaisilla tavaroilla, kuinka suuren tilan tarjottimelta sata kappaletta esineit\u00e4 vie.<\/p>\n<p style=\"text-align: left\">P\u00e4iv\u00e4 oli vauhdikas, havainnollinen ja iloinen ja monen ekaluokkalaisen mielest\u00e4 kouluvuoden paras!<\/p>\n","protected":false},"excerpt":{"rendered":"<p>Meid\u00e4n ykk\u00f6set juhlivat t\u00e4n\u00e4\u00e4n 100 p\u00e4iv\u00e4\u00e4 koulussa -teemaa iloisten ja toiminnallisten tunnelmien parissa. T\u00e4n\u00e4\u00e4n olen 100 p\u00e4iv\u00e4\u00e4 viisaampi! Luku 100 tuli tutuksi monella eri aistilla toteutettuna. \u00a0 Perjantaina 18.1. oli Turun Lyseon koulun oppilaiden kuluvan lukuvuoden sadas koulup\u00e4iv\u00e4. Ekaluokkalaiset viettiv\u00e4t koko koulup\u00e4iv\u00e4n ajan satajuhlaa teemalla \u201dOlen 100 p\u00e4iv\u00e4\u00e4 viisaampi!\u201d. P\u00e4iv\u00e4n aikana p\u00e4\u00e4simme tutustumaan lukuun 100 &hellip; <a href=\"https:\/\/blog.edu.turku.fi\/lyseo\/2019\/01\/18\/ykkosten-100-paivaa-koulussa-teemapaiva\/\" class=\"more-link\">Jatka lukemista<span class=\"screen-reader-text\"> &#8221;Ykk\u00f6sten &#8221;100 p\u00e4iv\u00e4\u00e4 koulussa&#8221; teemap\u00e4iv\u00e4&#8221;<\/span><\/a><\/p>\n","protected":false},"author":101,"featured_media":0,"comment_status":"closed","ping_status":"closed","sticky":false,"template":"","format":"standard","meta":{"footnotes":""},"categories":[4798],"tags":[],"class_list":["post-2157","post","type-post","status-publish","format-standard","hentry","category-yleinen"],"_links":{"self":[{"href":"https:\/\/blog.edu.turku.fi\/lyseo\/wp-json\/wp\/v2\/posts\/2157","targetHints":{"allow":["GET"]}}],"collection":[{"href":"https:\/\/blog.edu.turku.fi\/lyseo\/wp-json\/wp\/v2\/posts"}],"about":[{"href":"https:\/\/blog.edu.turku.fi\/lyseo\/wp-json\/wp\/v2\/types\/post"}],"author":[{"embeddable":true,"href":"https:\/\/blog.edu.turku.fi\/lyseo\/wp-json\/wp\/v2\/users\/101"}],"replies":[{"embeddable":true,"href":"https:\/\/blog.edu.turku.fi\/lyseo\/wp-json\/wp\/v2\/comments?post=2157"}],"version-history":[{"count":13,"href":"https:\/\/blog.edu.turku.fi\/lyseo\/wp-json\/wp\/v2\/posts\/2157\/revisions"}],"predecessor-version":[{"id":2303,"href":"https:\/\/blog.edu.turku.fi\/lyseo\/wp-json\/wp\/v2\/posts\/2157\/revisions\/2303"}],"wp:attachment":[{"href":"https:\/\/blog.edu.turku.fi\/lyseo\/wp-json\/wp\/v2\/media?parent=2157"}],"wp:term":[{"taxonomy":"category","embeddable":true,"href":"https:\/\/blog.edu.turku.fi\/lyseo\/wp-json\/wp\/v2\/categories?post=2157"},{"taxonomy":"post_tag","embeddable":true,"href":"https:\/\/blog.edu.turku.fi\/lyseo\/wp-json\/wp\/v2\/tags?post=2157"}],"curies":[{"name":"wp","href":"https:\/\/api.w.org\/{rel}","templated":true}]}}