{"id":1342,"date":"2017-03-15T10:27:48","date_gmt":"2017-03-15T08:27:48","guid":{"rendered":"https:\/\/blog.edu.turku.fi\/lyseo\/?p=1342"},"modified":"2017-03-15T10:29:13","modified_gmt":"2017-03-15T08:29:13","slug":"talviliikuntapaiva","status":"publish","type":"post","link":"https:\/\/blog.edu.turku.fi\/lyseo\/2017\/03\/15\/talviliikuntapaiva\/","title":{"rendered":"Talviliikuntap\u00e4iv\u00e4"},"content":{"rendered":"<p><a href=\"https:\/\/blog.edu.turku.fi\/lyseo\/2017\/03\/15\/talviliikuntapaiva\/luistin\/\" rel=\"attachment wp-att-1344\"><img loading=\"lazy\" decoding=\"async\" class=\"alignleft wp-image-1344 size-medium\" src=\"https:\/\/blog.edu.turku.fi\/lyseo\/files\/2017\/03\/Luistin-169x300.jpg\" alt=\"\" width=\"169\" height=\"300\" \/><\/a><\/p>\n<p>Koko koulu liikkui aurinkoisessa talvis\u00e4\u00e4ss\u00e4 eri liikuntalajien parissa.\u00a0 Oppilaiden ajatuksia p\u00e4iv\u00e4n tunnelmista l\u00f6yd\u00e4t oheisista linkeist\u00e4.<\/p>\n<p>Alakoululaiset laskettelivat tai pulkkailivat Hirvensalon hiihtokeskuksessa. Yl\u00e4koulun tunnelmia eri toimintapisteist\u00e4 ovat kirjanneet koulun 8. luokan oppilaat.<\/p>\n<p><a href=\"https:\/\/blog.edu.turku.fi\/lyseo\/2017\/03\/15\/talviliikuntapaiva\/alakoulun-liikuntapaiva\/\" rel=\"attachment wp-att-1346\">Alakoulun liikuntap\u00e4iv\u00e4<\/a><\/p>\n<p><a href=\"https:\/\/blog.edu.turku.fi\/lyseo\/2017\/03\/15\/talviliikuntapaiva\/oppilaiden-ajatuksia-liikuntapaivasta\/\" rel=\"attachment wp-att-1347\">Yl\u00e4koulun liikuntap\u00e4iv\u00e4<\/a><\/p>\n<p><a href=\"https:\/\/blog.edu.turku.fi\/lyseo\/2017\/03\/15\/talviliikuntapaiva\/wp_20170208_12_13_39_pro\/\" rel=\"attachment wp-att-1345\"><img loading=\"lazy\" decoding=\"async\" class=\"size-medium wp-image-1345 alignleft\" src=\"https:\/\/blog.edu.turku.fi\/lyseo\/files\/2017\/03\/WP_20170208_12_13_39_Pro-300x169.jpg\" alt=\"\" width=\"300\" height=\"169\" \/><\/a><a href=\"https:\/\/blog.edu.turku.fi\/lyseo\/2017\/03\/15\/talviliikuntapaiva\/sappee8-2-2017\/\" rel=\"attachment wp-att-1350\"><img loading=\"lazy\" decoding=\"async\" class=\"alignright size-medium wp-image-1350\" src=\"https:\/\/blog.edu.turku.fi\/lyseo\/files\/2017\/03\/Sappee8.2.2017-300x225.jpg\" alt=\"\" width=\"300\" height=\"225\" \/><\/a><\/p>\n","protected":false},"excerpt":{"rendered":"<p>Koko koulu liikkui aurinkoisessa talvis\u00e4\u00e4ss\u00e4 eri liikuntalajien parissa.\u00a0 Oppilaiden ajatuksia p\u00e4iv\u00e4n tunnelmista l\u00f6yd\u00e4t oheisista linkeist\u00e4. Alakoululaiset laskettelivat tai pulkkailivat Hirvensalon hiihtokeskuksessa. Yl\u00e4koulun tunnelmia eri toimintapisteist\u00e4 ovat kirjanneet koulun 8. luokan oppilaat. Alakoulun liikuntap\u00e4iv\u00e4 Yl\u00e4koulun liikuntap\u00e4iv\u00e4<\/p>\n","protected":false},"author":101,"featured_media":0,"comment_status":"closed","ping_status":"closed","sticky":false,"template":"","format":"standard","meta":{"footnotes":""},"categories":[4798],"tags":[],"class_list":["post-1342","post","type-post","status-publish","format-standard","hentry","category-yleinen"],"_links":{"self":[{"href":"https:\/\/blog.edu.turku.fi\/lyseo\/wp-json\/wp\/v2\/posts\/1342","targetHints":{"allow":["GET"]}}],"collection":[{"href":"https:\/\/blog.edu.turku.fi\/lyseo\/wp-json\/wp\/v2\/posts"}],"about":[{"href":"https:\/\/blog.edu.turku.fi\/lyseo\/wp-json\/wp\/v2\/types\/post"}],"author":[{"embeddable":true,"href":"https:\/\/blog.edu.turku.fi\/lyseo\/wp-json\/wp\/v2\/users\/101"}],"replies":[{"embeddable":true,"href":"https:\/\/blog.edu.turku.fi\/lyseo\/wp-json\/wp\/v2\/comments?post=1342"}],"version-history":[{"count":4,"href":"https:\/\/blog.edu.turku.fi\/lyseo\/wp-json\/wp\/v2\/posts\/1342\/revisions"}],"predecessor-version":[{"id":1352,"href":"https:\/\/blog.edu.turku.fi\/lyseo\/wp-json\/wp\/v2\/posts\/1342\/revisions\/1352"}],"wp:attachment":[{"href":"https:\/\/blog.edu.turku.fi\/lyseo\/wp-json\/wp\/v2\/media?parent=1342"}],"wp:term":[{"taxonomy":"category","embeddable":true,"href":"https:\/\/blog.edu.turku.fi\/lyseo\/wp-json\/wp\/v2\/categories?post=1342"},{"taxonomy":"post_tag","embeddable":true,"href":"https:\/\/blog.edu.turku.fi\/lyseo\/wp-json\/wp\/v2\/tags?post=1342"}],"curies":[{"name":"wp","href":"https:\/\/api.w.org\/{rel}","templated":true}]}}