{"id":2699,"date":"2026-04-25T11:20:31","date_gmt":"2026-04-25T11:20:31","guid":{"rendered":"https:\/\/blog.edu.turku.fi\/lastenparlamentti\/?p=2699"},"modified":"2026-04-25T11:54:12","modified_gmt":"2026-04-25T11:54:12","slug":"lukumaraton","status":"publish","type":"post","link":"https:\/\/blog.edu.turku.fi\/lastenparlamentti\/2026\/04\/25\/lukumaraton\/","title":{"rendered":"Lukumaraton"},"content":{"rendered":"<p>Lasten parlamentti osallistui <a href=\"https:\/\/lukuviikko.fi\/\">Lukuviikkoon. <\/a>Hallituksen j\u00e4senet Peppi, Ulpu ja Elsi lukivat yleis\u00f6lle osana Turun kaupunginkirjaston El\u00e4inten satukarnevaali -lukumaratonia. Kokonaisuudessaan maraton kesti yhdeks\u00e4n tuntia ja lasten lis\u00e4ksi lukijana oli mm. apulaispormestari Mirka Muukkonen.<\/p>\n<p><a href=\"https:\/\/blog.edu.turku.fi\/lastenparlamentti\/files\/2026\/04\/lukumaraton-kuva.jpg\"><img loading=\"lazy\" decoding=\"async\" class=\"alignnone size-medium wp-image-2700\" src=\"https:\/\/blog.edu.turku.fi\/lastenparlamentti\/files\/2026\/04\/lukumaraton-kuva-225x300.jpg\" alt=\"\" width=\"225\" height=\"300\" srcset=\"https:\/\/blog.edu.turku.fi\/lastenparlamentti\/files\/2026\/04\/lukumaraton-kuva-225x300.jpg 225w, https:\/\/blog.edu.turku.fi\/lastenparlamentti\/files\/2026\/04\/lukumaraton-kuva.jpg 768w\" sizes=\"auto, (max-width: 225px) 85vw, 225px\" \/><\/a><\/p>\n","protected":false},"excerpt":{"rendered":"<p>Lasten parlamentti osallistui Lukuviikkoon. Hallituksen j\u00e4senet Peppi, Ulpu ja Elsi lukivat yleis\u00f6lle osana Turun kaupunginkirjaston El\u00e4inten satukarnevaali -lukumaratonia. Kokonaisuudessaan maraton kesti yhdeks\u00e4n tuntia ja lasten lis\u00e4ksi lukijana oli mm. apulaispormestari Mirka Muukkonen.<\/p>\n","protected":false},"author":3469,"featured_media":0,"comment_status":"closed","ping_status":"closed","sticky":false,"template":"","format":"standard","meta":{"footnotes":""},"categories":[4798],"tags":[],"class_list":["post-2699","post","type-post","status-publish","format-standard","hentry","category-yleinen"],"_links":{"self":[{"href":"https:\/\/blog.edu.turku.fi\/lastenparlamentti\/wp-json\/wp\/v2\/posts\/2699","targetHints":{"allow":["GET"]}}],"collection":[{"href":"https:\/\/blog.edu.turku.fi\/lastenparlamentti\/wp-json\/wp\/v2\/posts"}],"about":[{"href":"https:\/\/blog.edu.turku.fi\/lastenparlamentti\/wp-json\/wp\/v2\/types\/post"}],"author":[{"embeddable":true,"href":"https:\/\/blog.edu.turku.fi\/lastenparlamentti\/wp-json\/wp\/v2\/users\/3469"}],"replies":[{"embeddable":true,"href":"https:\/\/blog.edu.turku.fi\/lastenparlamentti\/wp-json\/wp\/v2\/comments?post=2699"}],"version-history":[{"count":3,"href":"https:\/\/blog.edu.turku.fi\/lastenparlamentti\/wp-json\/wp\/v2\/posts\/2699\/revisions"}],"predecessor-version":[{"id":2703,"href":"https:\/\/blog.edu.turku.fi\/lastenparlamentti\/wp-json\/wp\/v2\/posts\/2699\/revisions\/2703"}],"wp:attachment":[{"href":"https:\/\/blog.edu.turku.fi\/lastenparlamentti\/wp-json\/wp\/v2\/media?parent=2699"}],"wp:term":[{"taxonomy":"category","embeddable":true,"href":"https:\/\/blog.edu.turku.fi\/lastenparlamentti\/wp-json\/wp\/v2\/categories?post=2699"},{"taxonomy":"post_tag","embeddable":true,"href":"https:\/\/blog.edu.turku.fi\/lastenparlamentti\/wp-json\/wp\/v2\/tags?post=2699"}],"curies":[{"name":"wp","href":"https:\/\/api.w.org\/{rel}","templated":true}]}}