{"id":2696,"date":"2026-04-25T11:11:55","date_gmt":"2026-04-25T11:11:55","guid":{"rendered":"https:\/\/blog.edu.turku.fi\/lastenparlamentti\/?p=2696"},"modified":"2026-04-25T11:12:54","modified_gmt":"2026-04-25T11:12:54","slug":"huhtikuun-kokous","status":"publish","type":"post","link":"https:\/\/blog.edu.turku.fi\/lastenparlamentti\/2026\/04\/25\/huhtikuun-kokous\/","title":{"rendered":"Huhtikuun kokous"},"content":{"rendered":"<p>Kokous alkoi eduskunnan et\u00e4oppitunnilla. Eduskunnan viesint\u00e4koordinaattori Harri Henninen kertoi meille eduskunnan toiminnasta ja demokratiasta. Katsoimme vidoita ja keskustelimme, mit\u00e4 eduskuntatalossa tehd\u00e4\u00e4n ja mik\u00e4 eduskuntatalo on.<\/p>\n<p>Valmistelimme suurkokousta ja suunnittelimme hallituksen kauden p\u00e4\u00e4t\u00f6stapahtumaa.<\/p>\n<p>&#8211; Elise Nieminen, tiedotusvastaava<\/p>\n<p>&nbsp;<\/p>\n","protected":false},"excerpt":{"rendered":"<p>Kokous alkoi eduskunnan et\u00e4oppitunnilla. Eduskunnan viesint\u00e4koordinaattori Harri Henninen kertoi meille eduskunnan toiminnasta ja demokratiasta. Katsoimme vidoita ja keskustelimme, mit\u00e4 eduskuntatalossa tehd\u00e4\u00e4n ja mik\u00e4 eduskuntatalo on. Valmistelimme suurkokousta ja suunnittelimme hallituksen kauden p\u00e4\u00e4t\u00f6stapahtumaa. &#8211; Elise Nieminen, tiedotusvastaava &nbsp;<\/p>\n","protected":false},"author":3469,"featured_media":0,"comment_status":"closed","ping_status":"closed","sticky":false,"template":"","format":"standard","meta":{"footnotes":""},"categories":[4798],"tags":[],"class_list":["post-2696","post","type-post","status-publish","format-standard","hentry","category-yleinen"],"_links":{"self":[{"href":"https:\/\/blog.edu.turku.fi\/lastenparlamentti\/wp-json\/wp\/v2\/posts\/2696","targetHints":{"allow":["GET"]}}],"collection":[{"href":"https:\/\/blog.edu.turku.fi\/lastenparlamentti\/wp-json\/wp\/v2\/posts"}],"about":[{"href":"https:\/\/blog.edu.turku.fi\/lastenparlamentti\/wp-json\/wp\/v2\/types\/post"}],"author":[{"embeddable":true,"href":"https:\/\/blog.edu.turku.fi\/lastenparlamentti\/wp-json\/wp\/v2\/users\/3469"}],"replies":[{"embeddable":true,"href":"https:\/\/blog.edu.turku.fi\/lastenparlamentti\/wp-json\/wp\/v2\/comments?post=2696"}],"version-history":[{"count":2,"href":"https:\/\/blog.edu.turku.fi\/lastenparlamentti\/wp-json\/wp\/v2\/posts\/2696\/revisions"}],"predecessor-version":[{"id":2698,"href":"https:\/\/blog.edu.turku.fi\/lastenparlamentti\/wp-json\/wp\/v2\/posts\/2696\/revisions\/2698"}],"wp:attachment":[{"href":"https:\/\/blog.edu.turku.fi\/lastenparlamentti\/wp-json\/wp\/v2\/media?parent=2696"}],"wp:term":[{"taxonomy":"category","embeddable":true,"href":"https:\/\/blog.edu.turku.fi\/lastenparlamentti\/wp-json\/wp\/v2\/categories?post=2696"},{"taxonomy":"post_tag","embeddable":true,"href":"https:\/\/blog.edu.turku.fi\/lastenparlamentti\/wp-json\/wp\/v2\/tags?post=2696"}],"curies":[{"name":"wp","href":"https:\/\/api.w.org\/{rel}","templated":true}]}}