{"id":1,"date":"2014-10-03T07:31:47","date_gmt":"2014-10-03T07:31:47","guid":{"rendered":"https:\/\/blog.edu.turku.fi\/klassillinentiedotus\/?p=1"},"modified":"2026-04-13T08:37:43","modified_gmt":"2026-04-13T05:37:43","slug":"moikka-maailma","status":"publish","type":"post","link":"https:\/\/blog.edu.turku.fi\/klassillinentiedotus\/2014\/10\/03\/moikka-maailma\/","title":{"rendered":"Turun klassillisen lukion tiedotteet ja oppaat"},"content":{"rendered":"<p>&nbsp;<\/p>\n<p>&nbsp;<\/p>\n<p><a href=\"https:\/\/blog.edu.turku.fi\/klassillinentiedotus\/files\/2014\/10\/YO-kalvot-Klassillinen-2026K-opiskelijat.pdf\">YO-kalvot Klassillinen 2026K opiskelijat<\/a><\/p>\n<p><a href=\"https:\/\/blog.edu.turku.fi\/klassillinentiedotus\/files\/2014\/10\/Ruokailut-periodissa-5.pdf\">Ruokailut periodissa 5<\/a><\/p>\n<p><a href=\"https:\/\/blog.edu.turku.fi\/klassillinentiedotus\/files\/2014\/10\/Aikan-luokkasiirrot-K2026.pdf\">\u00c4ik\u00e4n luokkasiirrot K2026<\/a><\/p>\n<p><a href=\"https:\/\/blog.edu.turku.fi\/klassillinentiedotus\/files\/2014\/10\/TUKLLU-logo-musta-4.6.2025.png\"><img loading=\"lazy\" decoding=\"async\" class=\"alignnone size-medium wp-image-1812\" src=\"https:\/\/blog.edu.turku.fi\/klassillinentiedotus\/files\/2014\/10\/TUKLLU-logo-musta-4.6.2025-300x110.png\" alt=\"\" width=\"300\" height=\"110\" srcset=\"https:\/\/blog.edu.turku.fi\/klassillinentiedotus\/files\/2014\/10\/TUKLLU-logo-musta-4.6.2025-300x110.png 300w, https:\/\/blog.edu.turku.fi\/klassillinentiedotus\/files\/2014\/10\/TUKLLU-logo-musta-4.6.2025-1024x375.png 1024w, https:\/\/blog.edu.turku.fi\/klassillinentiedotus\/files\/2014\/10\/TUKLLU-logo-musta-4.6.2025.png 1159w\" sizes=\"auto, (max-width: 300px) 100vw, 300px\" \/><\/a><\/p>\n<p>&nbsp;<\/p>\n<p><a href=\"https:\/\/blog.edu.turku.fi\/klassillinentiedotus\/files\/2014\/10\/KAAREA_Toiveruokakysely-kevat-2026.pdf\">KAAREA_Toiveruokakysely kev\u00e4t 2026<\/a><\/p>\n<p><a href=\"https:\/\/blog.edu.turku.fi\/klassillinentiedotus\/files\/2014\/10\/Tukllu-logo-laagerilla-iLLi-punaisella-4.6.2025.png\"><img loading=\"lazy\" decoding=\"async\" class=\"alignnone size-medium wp-image-1811\" src=\"https:\/\/blog.edu.turku.fi\/klassillinentiedotus\/files\/2014\/10\/Tukllu-logo-laagerilla-iLLi-punaisella-4.6.2025-300x86.png\" alt=\"\" width=\"300\" height=\"86\" srcset=\"https:\/\/blog.edu.turku.fi\/klassillinentiedotus\/files\/2014\/10\/Tukllu-logo-laagerilla-iLLi-punaisella-4.6.2025-300x86.png 300w, https:\/\/blog.edu.turku.fi\/klassillinentiedotus\/files\/2014\/10\/Tukllu-logo-laagerilla-iLLi-punaisella-4.6.2025-1024x294.png 1024w, https:\/\/blog.edu.turku.fi\/klassillinentiedotus\/files\/2014\/10\/Tukllu-logo-laagerilla-iLLi-punaisella-4.6.2025.png 1159w\" sizes=\"auto, (max-width: 300px) 100vw, 300px\" \/><\/a> <a href=\"https:\/\/blog.edu.turku.fi\/klassillinentiedotus\/files\/2014\/10\/TUKLLU-pelkka-4.6.2025.png\"><img loading=\"lazy\" decoding=\"async\" class=\"alignnone size-medium wp-image-1810\" src=\"https:\/\/blog.edu.turku.fi\/klassillinentiedotus\/files\/2014\/10\/TUKLLU-pelkka-4.6.2025-291x300.png\" alt=\"\" width=\"291\" height=\"300\" srcset=\"https:\/\/blog.edu.turku.fi\/klassillinentiedotus\/files\/2014\/10\/TUKLLU-pelkka-4.6.2025-291x300.png 291w, https:\/\/blog.edu.turku.fi\/klassillinentiedotus\/files\/2014\/10\/TUKLLU-pelkka-4.6.2025.png 327w\" sizes=\"auto, (max-width: 291px) 100vw, 291px\" \/><\/a><\/p>\n<p><a href=\"https:\/\/blog.edu.turku.fi\/klassillinentiedotus\/files\/2014\/10\/Ruokailut-periodissa-4-1.pdf\">Ruokailut periodissa 4<\/a><\/p>\n<p><a href=\"https:\/\/blog.edu.turku.fi\/klassillinentiedotus\/files\/2014\/10\/YO-ohjeet-kirjoituksiin-tuleville-2026K.pdf\">YO ohjeet kirjoituksiin tuleville 2026K<\/a><\/p>\n<p><a href=\"https:\/\/blog.edu.turku.fi\/klassillinentiedotus\/files\/2014\/10\/Esivalintaohjeet-2026-2027.pdf\">Esivalintaohjeet 2026-2027<\/a><\/p>\n<p><a href=\"https:\/\/blog.edu.turku.fi\/klassillinentiedotus\/files\/2014\/10\/ITSENAISYYSPAIVAJUHLA-JA-LAKKIAISET-5.12.2025.pdf\">ITSEN\u00c4ISYYSP\u00c4IV\u00c4JUHLA JA LAKKIAISET 5.12.2025<\/a><\/p>\n<p><a href=\"https:\/\/blog.edu.turku.fi\/klassillinentiedotus\/files\/2014\/10\/Kieliprofiilin-kayttoonotto-ohjeet-Turku-22.9.2021.pdf\">Kieliprofiilin k\u00e4ytt\u00f6\u00f6notto-ohjeet Turku 22.9.2021<\/a><\/p>\n<p><a href=\"https:\/\/blog.edu.turku.fi\/klassillinentiedotus\/files\/2014\/10\/Ruokailut-periodissa-3.pdf\">Ruokailut periodissa 3<\/a><\/p>\n<p><a href=\"https:\/\/blog.edu.turku.fi\/klassillinentiedotus\/files\/2014\/10\/YO-kalvot-2025-S-2026-K-vanhempainilta.pdf\">YO-kalvot 2025 S 2026 K vanhempainilta<\/a><\/p>\n<p><a href=\"https:\/\/blog.edu.turku.fi\/klassillinentiedotus\/files\/2014\/10\/Penkkariajot-2026-info.pdf\">Penkkariajot 2026 info<\/a><\/p>\n<p><a href=\"https:\/\/blog.edu.turku.fi\/klassillinentiedotus\/files\/2014\/10\/YO-kalvot-Klassillinen-2025S-opiskelijat-.pdf\">YO-kalvot Klassillinen 2025S opiskelijat<\/a><\/p>\n<p><a href=\"https:\/\/blog.edu.turku.fi\/klassillinentiedotus\/files\/2014\/10\/Ylioppilasilmoittautumiset-kevaan-2026-kirjoituksiin-1.pdf\">Ylioppilasilmoittautumiset kev\u00e4\u00e4n 2026 kirjoituksiin<\/a><\/p>\n<p><a href=\"https:\/\/blog.edu.turku.fi\/klassillinentiedotus\/files\/2014\/10\/Osaamisen-tunnustamisen-kaytannot-2025_10_22.pdf\">Osaamisen tunnustamisen k\u00e4yt\u00e4nn\u00f6t 2025_10_22<\/a><\/p>\n<p><a href=\"https:\/\/blog.edu.turku.fi\/klassillinentiedotus\/files\/2014\/10\/Hakuopas-2026.pdf\">Hakuopas 2026<\/a><\/p>\n<p><a href=\"https:\/\/blog.edu.turku.fi\/klassillinentiedotus\/files\/2014\/10\/25-taso-vanhempainilta-2025.10.21.pdf\">25-taso vanhempainilta 2025.10.21<\/a><\/p>\n<p><a href=\"https:\/\/blog.edu.turku.fi\/klassillinentiedotus\/files\/2014\/10\/Ylioppilasilmoittautumiset-kevaan-2026-kirjoituksiin.pdf\">Ylioppilasilmoittautumiset kev\u00e4\u00e4n 2026 kirjoituksiin<\/a><\/p>\n<p><a href=\"https:\/\/blog.edu.turku.fi\/klassillinentiedotus\/files\/2014\/10\/Tasa-arvo-ja-yhdenvertaisuusuunnitelma-Turun-klassillinen-lukio-2024-2026.pdf\">Tasa-arvo ja yhdenvertaisuusuunnitelma,<\/a><\/p>\n<p><a href=\"https:\/\/blog.edu.turku.fi\/klassillinentiedotus\/files\/2014\/10\/Tasa-arvo-ja-yhdenvertaisuusuunnitelma-Turun-klassillinen-lukio-2024-2026.pdf\"> Turun klassillinen lukio 2024-2026<\/a><\/p>\n<p><a href=\"https:\/\/blog.edu.turku.fi\/klassillinentiedotus\/files\/2014\/10\/Ruokailut-periodissa-2-2.pdf\">Ruokailut periodissa 2<\/a><\/p>\n<p><a href=\"https:\/\/blog.edu.turku.fi\/klassillinentiedotus\/files\/2014\/10\/Koulurakennuksen-paivystysnumero.pdf\">Koulurakennuksen p\u00e4ivystysnumero<\/a><\/p>\n<p><a href=\"https:\/\/blog.edu.turku.fi\/klassillinentiedotus\/files\/2014\/10\/Estaako-jannittaminen-sinua-tekemasta-haluamiasi-asioista-\u2022Valtteletko-tunneilla-viittaamista-tai-vastaamista-\u2022Onko-sinulla-haasteita-luoda-ystavyyssuhteita-\u2022Vaikeuttaako-jannittaminen-os-1.pdf\">Est\u00e4\u00e4k\u00f6 j\u00e4nnitt\u00e4minen sinua tekem\u00e4st\u00e4 haluamiasi asioista \u2022V\u00e4ltteletk\u00f6 tunneilla viittaamista tai vastaamista \u2022Onko sinulla haasteita luoda yst\u00e4vyyssuhteita \u2022Vaikeuttaako j\u00e4nnitt\u00e4minen os (1)<\/a><\/p>\n<p><a href=\"https:\/\/blog.edu.turku.fi\/klassillinentiedotus\/files\/2014\/10\/YO-ohjeet-kirjoituksiin-tuleville-S2025.pdf\">YO ohjeet kirjoituksiin tuleville S2025<\/a><\/p>\n<p><a href=\"https:\/\/blog.edu.turku.fi\/klassillinentiedotus\/files\/2014\/10\/Eskelinkatu-4-Tiedote-kayttajille-27.2.2024-sisailma.pdf\">Eskelinkatu 4 Tiedote k\u00e4ytt\u00e4jille 27.2.2024 sis\u00e4ilma<\/a><\/p>\n<p><a href=\"https:\/\/blog.edu.turku.fi\/klassillinentiedotus\/files\/2014\/10\/Opintotarjotin-2025-2026-12.8.2025.pdf\">Opintotarjotin 2025-2026 12.8.2025<\/a><\/p>\n<p><a href=\"https:\/\/blog.edu.turku.fi\/klassillinentiedotus\/files\/2014\/10\/Koulukuvausaikataulu-2025.pdf\">Koulukuvausaikataulu 2025<\/a><\/p>\n<p><a href=\"https:\/\/blog.edu.turku.fi\/klassillinentiedotus\/files\/2014\/10\/Opon-ja-HO25-palkitus-ykkosille-2025.pdf\">Opon ja HO25 palkitus ykk\u00f6sille 2025<\/a><\/p>\n<p><a href=\"https:\/\/blog.edu.turku.fi\/klassillinentiedotus\/files\/2014\/10\/lokeroiden-sijainnit-2024.pdf\">lokeroiden sijainnit 2024<\/a><\/p>\n<p><a href=\"https:\/\/blog.edu.turku.fi\/klassillinentiedotus\/files\/2014\/10\/TUKLLU-opinto-opas-2025-2026-versio-26.5_.pdf\">TUKLLU opinto-opas 2025-2026 versio 26.5_<\/a><\/p>\n<p><a href=\"https:\/\/blog.edu.turku.fi\/klassillinentiedotus\/files\/2014\/10\/Ruokailut-periodissa-1-1.pdf\">Ruokailut periodissa 1<\/a><\/p>\n<p><a href=\"https:\/\/blog.edu.turku.fi\/klassillinentiedotus\/files\/2014\/10\/Ensimmaisen-paivan-ohjelma-7.8.2025-1.pdf\">Ensimm\u00e4isen p\u00e4iv\u00e4n ohjelma 7.8.2025<\/a><\/p>\n<p><a href=\"https:\/\/blog.edu.turku.fi\/klassillinentiedotus\/files\/2014\/10\/Eka-paiva-25-ykkosille.pdf\">Eka p\u00e4iv\u00e4 25 ykk\u00f6sille<\/a><\/p>\n<p><a href=\"https:\/\/blog.edu.turku.fi\/klassillinentiedotus\/files\/2014\/10\/Kotivaelle-julkinen-POISSAOLOIHIN-PUUTTUMINEN-TURUN-KAUPUNGIN-PAIVALUKIOISSA-29.4.2025.pdf\">Kotiv\u00e4elle julkinen POISSAOLOIHIN PUUTTUMINEN TURUN KAUPUNGIN P\u00c4IV\u00c4LUKIOISSA 29.4.2025<\/a><\/p>\n<p><a href=\"https:\/\/blog.edu.turku.fi\/klassillinentiedotus\/files\/2014\/10\/Ensimmaisen-paivan-ohjelma-7.8.2025.pdf\">Ensimm\u00e4isen p\u00e4iv\u00e4n ohjelma 7.8.2025<\/a><\/p>\n<p><a href=\"https:\/\/blog.edu.turku.fi\/klassillinentiedotus\/files\/2014\/10\/Turun-paivalukioiden-kurinpitotaulukko-20250601-hyvaksytty.pdf\">Turun p\u00e4iv\u00e4lukioiden kurinpitotaulukko 20250601 hyv\u00e4ksytty<\/a><\/p>\n<p><a href=\"https:\/\/blog.edu.turku.fi\/klassillinentiedotus\/files\/2014\/10\/Turun-paivalukioiden-kurinpitosuunnitelma-20250601-hyvaksytty.pdf\">Turun p\u00e4iv\u00e4lukioiden kurinpitosuunnitelma 20250601 hyv\u00e4ksytty<\/a><\/p>\n<p><a href=\"https:\/\/blog.edu.turku.fi\/klassillinentiedotus\/files\/2014\/10\/Ylioppilasilmoittautumiset-syksyn-2025-kirjoituksiin.pdf\">Ylioppilasilmoittautumiset syksyn 2025 kirjoituksiin<\/a><\/p>\n<p><a href=\"https:\/\/blog.edu.turku.fi\/klassillinentiedotus\/files\/2014\/10\/Lukiokoulutus_Taitaja2025-2.pdf\">Lukiokoulutus_Taitaja2025 (2)<\/a><\/p>\n<p><a href=\"https:\/\/blog.edu.turku.fi\/klassillinentiedotus\/files\/2014\/10\/Juliste_nuorten-ilmastoprojektit.pdf\">Juliste_nuorten ilmastoprojektit<\/a><\/p>\n<p><a href=\"https:\/\/blog.edu.turku.fi\/klassillinentiedotus\/files\/2014\/10\/YO-kalvot-Klassillinen-2025K-opiskelijat-.pdf\">YO-kalvot Klassillinen 2025K opiskelijat<\/a><\/p>\n<p><a href=\"https:\/\/blog.edu.turku.fi\/klassillinentiedotus\/files\/2014\/10\/Ruokailut-periodissa-V-2024-2025-a.pdf\">Ruokailut periodissa V 2024-2025 a<\/a><\/p>\n<p><a href=\"https:\/\/blog.edu.turku.fi\/klassillinentiedotus\/files\/2014\/10\/Toiveruokakysely-2025.pdf\">Toiveruokakysely 2025<\/a><\/p>\n<p><a href=\"https:\/\/blog.edu.turku.fi\/klassillinentiedotus\/files\/2014\/10\/Wanhojen-paiva-2025.pdf\">Wanhojen p\u00e4iv\u00e4 2025<\/a><\/p>\n<p><a href=\"https:\/\/blog.edu.turku.fi\/klassillinentiedotus\/files\/2014\/10\/penkkarireitti.jpg\"><img loading=\"lazy\" decoding=\"async\" class=\"alignnone size-medium wp-image-1631\" src=\"https:\/\/blog.edu.turku.fi\/klassillinentiedotus\/files\/2014\/10\/penkkarireitti-300x143.jpg\" alt=\"\" width=\"300\" height=\"143\" srcset=\"https:\/\/blog.edu.turku.fi\/klassillinentiedotus\/files\/2014\/10\/penkkarireitti-300x143.jpg 300w, https:\/\/blog.edu.turku.fi\/klassillinentiedotus\/files\/2014\/10\/penkkarireitti.jpg 1024w\" sizes=\"auto, (max-width: 300px) 100vw, 300px\" \/><\/a><\/p>\n<p>&nbsp;<\/p>\n<p><a href=\"https:\/\/blog.edu.turku.fi\/klassillinentiedotus\/files\/2014\/10\/Yleislinjan-esittely-13.1.2025-Kai-Heino.pdf\">Yleislinjan esittely 13.1.2025 Kai Heino<\/a><\/p>\n<p><a href=\"https:\/\/blog.edu.turku.fi\/klassillinentiedotus\/files\/2014\/10\/Esivalintatarjotin-2025-2026.pdf\">Esivalintatarjotin 2025-2026<\/a><\/p>\n<p><a href=\"https:\/\/blog.edu.turku.fi\/klassillinentiedotus\/files\/2014\/10\/Hakuopas-2025.pdf\">Hakuopas 2025<\/a><\/p>\n<p><a href=\"https:\/\/blog.edu.turku.fi\/klassillinentiedotus\/files\/2014\/10\/Ruokailut-periodissa-3-1.pdf\">Ruokailut periodissa 3<\/a><\/p>\n<p><a href=\"https:\/\/blog.edu.turku.fi\/klassillinentiedotus\/files\/2014\/10\/Diat-oppitunnille.pdf\">Diat oppitunnille<\/a><\/p>\n<p><a href=\"https:\/\/blog.edu.turku.fi\/klassillinentiedotus\/files\/2014\/10\/Ohjeet-rehtoreille-opintokyselyyn-vastaamisen-jalkeen.pdf\">Ohjeet rehtoreille opintokyselyyn vastaamisen j\u00e4lkeen<\/a><br \/>\n<a href=\"https:\/\/blog.edu.turku.fi\/klassillinentiedotus\/files\/2014\/10\/Opintokyselyn-ohjeet-opiskelijoita-opastaville-opettajille.pdf\">Opintokyselyn ohjeet opiskelijoita opastaville opettajille<\/a><\/p>\n<p><a href=\"https:\/\/blog.edu.turku.fi\/klassillinentiedotus\/files\/2014\/10\/Ajoneuvokohtainen-lomake.pdf\">Ajoneuvokohtainen lomake<\/a><\/p>\n<p><a href=\"https:\/\/blog.edu.turku.fi\/klassillinentiedotus\/files\/2014\/10\/Ohje-2025-Turku.pdf\">Ohje 2025 Turku<\/a><\/p>\n<p><a href=\"https:\/\/blog.edu.turku.fi\/klassillinentiedotus\/files\/2014\/10\/Penkkari-info-2025.pdf\">Penkkari-info 2025<\/a><\/p>\n<p><a href=\"https:\/\/blog.edu.turku.fi\/klassillinentiedotus\/files\/2014\/10\/Ylioppilasilmoittautumiset-kevaan-2025-kirjoituksiin.pdf\">Ylioppilasilmoittautumiset kev\u00e4\u00e4n 2025 kirjoituksiin<\/a><\/p>\n<p><a href=\"https:\/\/blog.edu.turku.fi\/klassillinentiedotus\/files\/2014\/10\/YO-kalvot-2024-S-2025-K-ilmoittautuminen.pdf\">YO-kalvot 2024 S 2025 K ilmoittautuminen<\/a><\/p>\n<p><a href=\"https:\/\/blog.edu.turku.fi\/klassillinentiedotus\/files\/2014\/10\/TUAS-toiminta.pdf\">TUAS-toiminta<\/a><\/p>\n<p><a href=\"https:\/\/blog.edu.turku.fi\/klassillinentiedotus\/files\/2014\/10\/Opiskeluterveydenhuollon-tehtavat-ja-sisalto-tiedote-lukio-2024.pdf\">Opiskeluterveydenhuollon teht\u00e4v\u00e4t ja sis\u00e4lt\u00f6-tiedote lukio 2024<\/a><\/p>\n<p><a href=\"https:\/\/blog.edu.turku.fi\/klassillinentiedotus\/files\/2014\/10\/Tapaturmaohjeet-2024.pdf\">Tapaturmaohjeet 2024<\/a><\/p>\n<p><a href=\"https:\/\/blog.edu.turku.fi\/klassillinentiedotus\/files\/2014\/10\/Opon-ja-HO25-palkitus-ykkosille-2024.pdf\">Opon ja HO25 palkitus ykk\u00f6sille 2024<\/a><\/p>\n<p><a href=\"https:\/\/blog.edu.turku.fi\/klassillinentiedotus\/files\/2014\/10\/Tuntikaavio-75-min-2024-2025.pdf\">Tuntikaavio 75 min 2024-2025<\/a><\/p>\n<p><a href=\"https:\/\/blog.edu.turku.fi\/klassillinentiedotus\/files\/2014\/10\/Turun-paivalukioiden-kurinpitosuunnitelma-20240401-hyvaksytty.pdf\">Turun p\u00e4iv\u00e4lukioiden kurinpitosuunnitelma 20240401 hyv\u00e4ksytty<\/a><\/p>\n<p><a href=\"https:\/\/blog.edu.turku.fi\/klassillinentiedotus\/files\/2014\/10\/Turun-paivalukioiden-kurinpitotaulukko-20240401-hyvaksytty.pdf\">Turun p\u00e4iv\u00e4lukioiden kurinpitotaulukko 20240401 hyv\u00e4ksytty<\/a><\/p>\n<p><a href=\"https:\/\/blog.edu.turku.fi\/klassillinentiedotus\/files\/2014\/10\/Esivalintatarjottimen-tarjonta2024-2025.pdf\">Esivalintatarjottimen tarjonta2024-2025<\/a><\/p>\n<p><a href=\"https:\/\/blog.edu.turku.fi\/klassillinentiedotus\/files\/2014\/10\/Esivalintaohjeet-KEMIA.pdf\">Esivalintaohjeet KEMIA<\/a><\/p>\n<p><a href=\"https:\/\/blog.edu.turku.fi\/klassillinentiedotus\/files\/2014\/10\/Esivalintaohjeet-2024-2025.pdf\">Esivalintaohjeet 2024-2025<\/a><\/p>\n<p><a href=\"https:\/\/blog.edu.turku.fi\/klassillinentiedotus\/files\/2014\/10\/MAR-Oppilaan-ja-tai-huoltajan-suostumus-asian-kasittelyyn-monialaisessa-asiantuntijaryhmassa.pdf\">MAR Oppilaan ja tai huoltajan suostumus asian k\u00e4sittelyyn monialaisessa asiantuntijaryhm\u00e4ss\u00e4<\/a><\/p>\n<p><a href=\"https:\/\/blog.edu.turku.fi\/klassillinentiedotus\/files\/2014\/10\/Hakuopas-2024.pdf\">Hakuopas 2024<\/a><\/p>\n<p><a href=\"https:\/\/blog.edu.turku.fi\/klassillinentiedotus\/files\/2014\/10\/YO-ohjeet-kirjoituksiin-tuleville-K2024.pdf\">YO ohjeet kirjoituksiin tuleville K2024<\/a><\/p>\n<p><a href=\"https:\/\/blog.edu.turku.fi\/klassillinentiedotus\/files\/2014\/10\/Penkkaripaivan-aikataulu-9.2-.pdf\">Penkkarip\u00e4iv\u00e4n aikataulu 9.2<\/a><\/p>\n<p><a href=\"https:\/\/blog.edu.turku.fi\/klassillinentiedotus\/files\/2014\/10\/Wanhojen-tanssien-aikataulu-16.2.2024.pdf\">Wanhojen tanssien aikataulu 16.2.2024<\/a><\/p>\n<p><a href=\"https:\/\/blog.edu.turku.fi\/klassillinentiedotus\/files\/2014\/10\/Turun-klassillisen-lukion-jarjestyssaannot-2023.pdf\">Turun klassillisen lukion j\u00e4rjestyss\u00e4\u00e4nn\u00f6t 2023<\/a><\/p>\n<p><a href=\"https:\/\/blog.edu.turku.fi\/klassillinentiedotus\/files\/2014\/10\/bit.ly_luka-23.jpeg\"><img loading=\"lazy\" decoding=\"async\" class=\"alignnone size-medium wp-image-1450\" src=\"https:\/\/blog.edu.turku.fi\/klassillinentiedotus\/files\/2014\/10\/bit.ly_luka-23-300x300.jpeg\" alt=\"\" width=\"300\" height=\"300\" srcset=\"https:\/\/blog.edu.turku.fi\/klassillinentiedotus\/files\/2014\/10\/bit.ly_luka-23-300x300.jpeg 300w, https:\/\/blog.edu.turku.fi\/klassillinentiedotus\/files\/2014\/10\/bit.ly_luka-23-150x150.jpeg 150w, https:\/\/blog.edu.turku.fi\/klassillinentiedotus\/files\/2014\/10\/bit.ly_luka-23.jpeg 656w\" sizes=\"auto, (max-width: 300px) 100vw, 300px\" \/><\/a><\/p>\n<p>&nbsp;<\/p>\n<p><a href=\"https:\/\/blog.edu.turku.fi\/klassillinentiedotus\/files\/2014\/10\/MAPE-va\u0308lipalakortti_saldon_ostaminen.pdf\">MAPE-va\u0308lipalakortti_saldon_ostaminen<\/a><br \/>\n<a href=\"https:\/\/blog.edu.turku.fi\/klassillinentiedotus\/files\/2014\/10\/Va\u0308lipalakortin-ka\u0308ytta\u0308minen-kouluravintoloissa.pdf\">Va\u0308lipalakortin ka\u0308ytta\u0308minen kouluravintoloissa<\/a><\/p>\n<p>&nbsp;<\/p>\n<p><a href=\"https:\/\/blog.edu.turku.fi\/klassillinentiedotus\/files\/2014\/10\/Ylioppilasilmoittautumiset-kevaan-2024-kirjoituksiin-b-1.pdf\">Ylioppilasilmoittautumiset kev\u00e4\u00e4n 2024 kirjoituksiin b<\/a><\/p>\n<p><a href=\"https:\/\/blog.edu.turku.fi\/klassillinentiedotus\/files\/2014\/10\/Vahinkoilmoituksen-tayttoohje.pdf\">Vahinkoilmoituksen t\u00e4ytt\u00f6ohje<\/a><\/p>\n<p><a href=\"https:\/\/blog.edu.turku.fi\/klassillinentiedotus\/files\/2014\/10\/Koulutapaturmailmoitus-paivystykseen-tai-hammashoitolaan-kth-35.596.pdf\">Koulutapaturmailmoitus p\u00e4ivystykseen tai hammashoitolaan (kth) 35.596<\/a><\/p>\n<p><a href=\"https:\/\/blog.edu.turku.fi\/klassillinentiedotus\/files\/2014\/10\/Kieliprofiilin-kayttoonotto-ohjeet-Turku.pdf\">Kieliprofiilin k\u00e4ytt\u00f6\u00f6notto-ohjeet Turku<\/a><\/p>\n<p><a href=\"https:\/\/blog.edu.turku.fi\/klassillinentiedotus\/files\/2014\/10\/Oppimateriaalit-ja-opiskelussa-tarvittavat-valineet-viesti-opiskelijoille-1.pdf\">Oppimateriaalit ja opiskelussa tarvittavat v\u00e4lineet viesti opiskelijoille<\/a><\/p>\n<p><a href=\"https:\/\/blog.edu.turku.fi\/klassillinentiedotus\/files\/2014\/10\/Korona-ohje-maskilla-A4.pdf\">Korona-ohje-maskilla-A4<\/a><br \/>\n<a href=\"https:\/\/blog.edu.turku.fi\/klassillinentiedotus\/files\/2014\/10\/Korona-ohje-maskilla-A4-1.pdf\">Korona-ohje-maskilla-A4 (1)<\/a><a href=\"https:\/\/blog.edu.turku.fi\/klassillinentiedotus\/files\/2014\/10\/Korona-ohje-yleis-maskilla-1920x1080px-1.jpg\"><img loading=\"lazy\" decoding=\"async\" class=\"alignnone size-medium wp-image-873\" src=\"https:\/\/blog.edu.turku.fi\/klassillinentiedotus\/files\/2014\/10\/Korona-ohje-yleis-maskilla-1920x1080px-1-300x169.jpg\" alt=\"\" width=\"300\" height=\"169\" srcset=\"https:\/\/blog.edu.turku.fi\/klassillinentiedotus\/files\/2014\/10\/Korona-ohje-yleis-maskilla-1920x1080px-1-300x169.jpg 300w, https:\/\/blog.edu.turku.fi\/klassillinentiedotus\/files\/2014\/10\/Korona-ohje-yleis-maskilla-1920x1080px-1.jpg 1024w\" sizes=\"auto, (max-width: 300px) 100vw, 300px\" \/><\/a><a href=\"https:\/\/blog.edu.turku.fi\/klassillinentiedotus\/files\/2014\/10\/Korona-ohje-yleis-maskilla-1920x1080px.jpg\"><img loading=\"lazy\" decoding=\"async\" class=\"alignnone size-medium wp-image-874\" src=\"https:\/\/blog.edu.turku.fi\/klassillinentiedotus\/files\/2014\/10\/Korona-ohje-yleis-maskilla-1920x1080px-300x169.jpg\" alt=\"\" width=\"300\" height=\"169\" \/><\/a><\/p>\n<p><a href=\"https:\/\/blog.edu.turku.fi\/klassillinentiedotus\/files\/2014\/10\/Korona-ohje-maskilla-A4-Mv.pdf\">Korona-ohje-maskilla-A4-Mv<\/a><br \/>\n<a href=\"https:\/\/blog.edu.turku.fi\/klassillinentiedotus\/files\/2014\/10\/Korona-ohje-maskilla-A4.pdf\">Korona-ohje-maskilla-A4<\/a><\/p>\n<p>&nbsp;<\/p>\n<p><a href=\"https:\/\/blog.edu.turku.fi\/klassillinentiedotus\/files\/2014\/10\/turku_a-c2-a6ebo_300ppi_cyan2.png\"><img loading=\"lazy\" decoding=\"async\" class=\"alignnone size-medium wp-image-681\" src=\"https:\/\/blog.edu.turku.fi\/klassillinentiedotus\/files\/2014\/10\/turku_a-c2-a6ebo_300ppi_cyan2-300x211.png\" alt=\"\" width=\"300\" height=\"211\" srcset=\"https:\/\/blog.edu.turku.fi\/klassillinentiedotus\/files\/2014\/10\/turku_a-c2-a6ebo_300ppi_cyan2-300x211.png 300w, https:\/\/blog.edu.turku.fi\/klassillinentiedotus\/files\/2014\/10\/turku_a-c2-a6ebo_300ppi_cyan2-1024x722.png 1024w\" sizes=\"auto, (max-width: 300px) 100vw, 300px\" \/><\/a><a href=\"https:\/\/blog.edu.turku.fi\/klassillinentiedotus\/files\/2014\/10\/Jaksotus-2018-2019-lukioiden-Lautakunta-24.1.2018.pdf\">24.1.2018<\/a><\/p>\n<p>&nbsp;<\/p>\n<p>&nbsp;<\/p>\n<p>&nbsp;<\/p>\n<p>&nbsp;<\/p>\n<p>&nbsp;<\/p>\n<p><a href=\"https:\/\/blog.edu.turku.fi\/klassillinentiedotus\/files\/2014\/10\/Lakitus-2016.jpg\" rel=\"attachment wp-att-424\"><img loading=\"lazy\" decoding=\"async\" class=\"alignnone size-medium wp-image-424\" src=\"https:\/\/blog.edu.turku.fi\/klassillinentiedotus\/files\/2014\/10\/Lakitus-2016-300x170.jpg\" alt=\"Lakitus 2016\" width=\"300\" height=\"170\" \/><\/a><\/p>\n<p><a href=\"https:\/\/blog.edu.turku.fi\/klassillinentiedotus\/files\/2014\/10\/Wilman-tilavarausohje.pdf\">Wilman tilavarausohje<\/a><\/p>\n<p><a href=\"https:\/\/blog.edu.turku.fi\/klassillinentiedotus\/files\/2014\/10\/Pedagogisen-keskustelun-lis\u00e4\u00e4minen-ja-t\u00e4ydent\u00e4minen-Wilmaan.pdf\">Pedagogisen keskustelun lis\u00e4\u00e4minen ja t\u00e4ydent\u00e4minen Wilmaan<\/a><\/p>\n<p><a href=\"https:\/\/blog.edu.turku.fi\/klassillinentiedotus\/files\/2014\/10\/Klassillinen-A4_pohja.docx\">Klassillinen A4_pohja<\/a><\/p>\n<p><a href=\"https:\/\/blog.edu.turku.fi\/klassillinentiedotus\/files\/2014\/10\/Turun-klassillinen-lukio-juhlii-135.pdf\">Turun klassillinen lukio juhlii 135<\/a><\/p>\n<p><a href=\"https:\/\/blog.edu.turku.fi\/klassillinentiedotus\/files\/2014\/10\/Eroamislomake-uudempi-Turku.docx\">Eroamislomake uudempi Turku<\/a><\/p>\n<p>&nbsp;<\/p>\n<p>&nbsp;<\/p>\n","protected":false},"excerpt":{"rendered":"<p>&nbsp; &nbsp; YO-kalvot Klassillinen 2026K opiskelijat Ruokailut periodissa 5 \u00c4ik\u00e4n luokkasiirrot K2026 &nbsp; KAAREA_Toiveruokakysely kev\u00e4t 2026 Ruokailut periodissa 4 YO ohjeet kirjoituksiin tuleville 2026K Esivalintaohjeet 2026-2027 ITSEN\u00c4ISYYSP\u00c4IV\u00c4JUHLA JA LAKKIAISET 5.12.2025 Kieliprofiilin k\u00e4ytt\u00f6\u00f6notto-ohjeet Turku 22.9.2021 Ruokailut periodissa 3 YO-kalvot 2025 S &hellip; <a href=\"https:\/\/blog.edu.turku.fi\/klassillinentiedotus\/2014\/10\/03\/moikka-maailma\/\">Lue loppuun <span class=\"meta-nav\">&rarr;<\/span><\/a><\/p>\n","protected":false},"author":723,"featured_media":0,"comment_status":"closed","ping_status":"open","sticky":false,"template":"","format":"standard","meta":{"footnotes":""},"categories":[4798],"tags":[],"class_list":["post-1","post","type-post","status-publish","format-standard","hentry","category-yleinen"],"_links":{"self":[{"href":"https:\/\/blog.edu.turku.fi\/klassillinentiedotus\/wp-json\/wp\/v2\/posts\/1","targetHints":{"allow":["GET"]}}],"collection":[{"href":"https:\/\/blog.edu.turku.fi\/klassillinentiedotus\/wp-json\/wp\/v2\/posts"}],"about":[{"href":"https:\/\/blog.edu.turku.fi\/klassillinentiedotus\/wp-json\/wp\/v2\/types\/post"}],"author":[{"embeddable":true,"href":"https:\/\/blog.edu.turku.fi\/klassillinentiedotus\/wp-json\/wp\/v2\/users\/723"}],"replies":[{"embeddable":true,"href":"https:\/\/blog.edu.turku.fi\/klassillinentiedotus\/wp-json\/wp\/v2\/comments?post=1"}],"version-history":[{"count":647,"href":"https:\/\/blog.edu.turku.fi\/klassillinentiedotus\/wp-json\/wp\/v2\/posts\/1\/revisions"}],"predecessor-version":[{"id":1834,"href":"https:\/\/blog.edu.turku.fi\/klassillinentiedotus\/wp-json\/wp\/v2\/posts\/1\/revisions\/1834"}],"wp:attachment":[{"href":"https:\/\/blog.edu.turku.fi\/klassillinentiedotus\/wp-json\/wp\/v2\/media?parent=1"}],"wp:term":[{"taxonomy":"category","embeddable":true,"href":"https:\/\/blog.edu.turku.fi\/klassillinentiedotus\/wp-json\/wp\/v2\/categories?post=1"},{"taxonomy":"post_tag","embeddable":true,"href":"https:\/\/blog.edu.turku.fi\/klassillinentiedotus\/wp-json\/wp\/v2\/tags?post=1"}],"curies":[{"name":"wp","href":"https:\/\/api.w.org\/{rel}","templated":true}]}}